{"id":13598,"date":"2023-10-06T09:00:43","date_gmt":"2023-10-06T07:00:43","guid":{"rendered":"https:\/\/fdp-aktiv.de\/blog\/?p=13598"},"modified":"2023-10-06T09:00:43","modified_gmt":"2023-10-06T07:00:43","slug":"saarland-land-muss-junge-menschen-besser-fuer-die-duale-ausbildung-vorbereiten","status":"publish","type":"post","link":"https:\/\/fdp-aktiv.de\/blog\/2023\/10\/06\/saarland-land-muss-junge-menschen-besser-fuer-die-duale-ausbildung-vorbereiten\/","title":{"rendered":"Saarland: Land muss junge Menschen besser f\u00fcr die Duale Ausbildung vorbereiten"},"content":{"rendered":"<p>Der Berufsbildungsreport 2023 legt es schonungslos offen: 19% der 25-34j\u00e4hrigen verf\u00fcgt nicht \u00fcber einen beruflichen Abschluss. Tendenz steigend. Diese Menschen stellen letztlich den gr\u00f6\u00dften Anteil an der arbeitslosen Bev\u00f6lkerung. Gleichzeitig suchen die Unternehmen h\u00e4nderingend nach Fach- und Arbeitskr\u00e4ften, immer noch bleiben Jahr f\u00fcr Jahr unz\u00e4hlige Ausbildungspl\u00e4tze unbesetzt. Die saarl\u00e4ndische Landesregierung ist jetzt gefordert, diesem negativen Trend mit guten Konzepten entgegenzuwirken. \u201eWenn viele Schulabg\u00e4nger selbst die grundlegenden Voraussetzungen f\u00fcr die berufliche Ausbildung, z.B. in Mathematik, nicht erf\u00fcllen, muss dem dringend an den Schulen entgegengewirkt werden\u201c, so Angelika Hie\u00dferich-Peter, stv. Landesvorsitzende der FDP Saar. Es kann nicht die Aufgabe der Betriebe sein, diese Defizite aus den Schulen in den Betrieben selbst oder \u00fcber \u00fcberbetriebliche Ma\u00dfnahmen ausgleichen zu m\u00fcssen. Die Betriebe m\u00fcssen f\u00fcr eine solide Ausbildung sorgen und dazu die qualitativen Voraussetzungen schaffen. Das tun sie auch, allein schon im eigenen Interesse.<\/p>\n<p>Die FDP Saar fordert, die berufliche Orientierung schon fr\u00fch in allen Schulformen fest zu etablieren. So k\u00f6nnen Kinder und Jugendliche ihre Talente erkunden und entwickeln und erfahren gleichzeitig, welche Voraussetzungen sie als Grundlage f\u00fcr ihre Pl\u00e4ne mitbringen m\u00fcssen. Berufliche und akademische Ausbildung m\u00fcssen schon in der Schule als gleichwertige Optionen vorgestellt werden. Die Duale Ausbildung bietet jungen Menschen viele Chancen f\u00fcr einen selbstbestimmten Weg, der auch Zwischenschritt zu einer akademischen Laufbahn sein kann.<\/p>\n<p>Im Punkt der Ausbildungsverg\u00fctung fordert die FDP ein Umdenken. \u201eDie Ausbildungsverg\u00fctung sollte bis zur H\u00f6he des Baf\u00f6g-H\u00f6chstsatzes frei von Steuern und Abgaben sein.\u201c, so Hie\u00dferich-Peter weiter. \u201eWenn berufliche und akademische Ausbildung gleichwertig sein soll, muss sich das auch finanziell auswirken. Auszubildende h\u00e4tten sofort mehr Geld zur Verf\u00fcgung, ohne dass die Kosten f\u00fcr die Arbeitgeber steigen\u201c.<\/p>\n<p>&nbsp;<\/p>\n","protected":false},"excerpt":{"rendered":"<p>Der Berufsbildungsreport 2023 legt es schonungslos offen: 19% der 25-34j\u00e4hrigen verf\u00fcgt nicht \u00fcber einen beruflichen Abschluss. Tendenz steigend. Diese Menschen stellen letztlich den gr\u00f6\u00dften Anteil an der arbeitslosen Bev\u00f6lkerung. Gleichzeitig [&#8230;]<\/p>\n","protected":false},"author":1,"featured_media":2832,"comment_status":"open","ping_status":"closed","sticky":false,"template":"","format":"standard","meta":{"footnotes":""},"categories":[34],"tags":[965,1715,708],"class_list":["post-13598","post","type-post","status-publish","format-standard","has-post-thumbnail","hentry","category-bildung","tag-angelika-hiesserich-peter-2","tag-ausbildung","tag-fdp-saar"],"_links":{"self":[{"href":"https:\/\/fdp-aktiv.de\/blog\/wp-json\/wp\/v2\/posts\/13598","targetHints":{"allow":["GET"]}}],"collection":[{"href":"https:\/\/fdp-aktiv.de\/blog\/wp-json\/wp\/v2\/posts"}],"about":[{"href":"https:\/\/fdp-aktiv.de\/blog\/wp-json\/wp\/v2\/types\/post"}],"author":[{"embeddable":true,"href":"https:\/\/fdp-aktiv.de\/blog\/wp-json\/wp\/v2\/users\/1"}],"replies":[{"embeddable":true,"href":"https:\/\/fdp-aktiv.de\/blog\/wp-json\/wp\/v2\/comments?post=13598"}],"version-history":[{"count":1,"href":"https:\/\/fdp-aktiv.de\/blog\/wp-json\/wp\/v2\/posts\/13598\/revisions"}],"predecessor-version":[{"id":13599,"href":"https:\/\/fdp-aktiv.de\/blog\/wp-json\/wp\/v2\/posts\/13598\/revisions\/13599"}],"wp:featuredmedia":[{"embeddable":true,"href":"https:\/\/fdp-aktiv.de\/blog\/wp-json\/wp\/v2\/media\/2832"}],"wp:attachment":[{"href":"https:\/\/fdp-aktiv.de\/blog\/wp-json\/wp\/v2\/media?parent=13598"}],"wp:term":[{"taxonomy":"category","embeddable":true,"href":"https:\/\/fdp-aktiv.de\/blog\/wp-json\/wp\/v2\/categories?post=13598"},{"taxonomy":"post_tag","embeddable":true,"href":"https:\/\/fdp-aktiv.de\/blog\/wp-json\/wp\/v2\/tags?post=13598"}],"curies":[{"name":"wp","href":"https:\/\/api.w.org\/{rel}","templated":true}]}}