{"id":13614,"date":"2023-10-06T11:00:50","date_gmt":"2023-10-06T09:00:50","guid":{"rendered":"https:\/\/fdp-aktiv.de\/blog\/?p=13614"},"modified":"2023-10-06T11:02:01","modified_gmt":"2023-10-06T09:02:01","slug":"saar-fdp-entsetzt-ueber-absage-des-investors","status":"publish","type":"post","link":"https:\/\/fdp-aktiv.de\/blog\/2023\/10\/06\/saar-fdp-entsetzt-ueber-absage-des-investors\/","title":{"rendered":"Saar-FDP entsetzt \u00fcber Absage des Investors"},"content":{"rendered":"<p>Landesregierung hat auf das falsche Pferd gesetzt und muss nun ein neues Konzept vorlegen.<\/p>\n<p>Die Absage eines m\u00f6glichen Investors ist nach Meinung der Freien Demokraten ein herber Schlag f\u00fcr die Besch\u00e4ftigten und den Standort Saarlouis.<\/p>\n<p style=\"text-align: center;\">\u201eHeute ist ein schlechter Tag f\u00fcr die Besch\u00e4ftigten, der Standort Saarlouis steht vor einem Scherbenhaufen. Die lange H\u00e4ngepartie hat f\u00fcr Unsicherheit gesorgt, jeder weitere Tag macht L\u00f6sungen schwerer. Das Land hat sich daf\u00fcr entschieden, exklusiv mit einem potentiellen Gro\u00dfinvestor die Verhandlungen zu begleiten, statt mit einer Vielzahl von Investoren eine breitere L\u00f6sung f\u00fcr den Standort Saarlouis zu suchen. Das Land hat offensichtlich alles auf eine Karte gesetzt und ist damit gescheitert. Um Fachkr\u00e4fte und Know-How zu sichern, muss das Land jetzt endlich einen Plan B vorlegen.\u201c, so Angelika Hie\u00dferich-Peter, wirtschaftspolitische Sprecherin der FDP Saar.<\/p>\n","protected":false},"excerpt":{"rendered":"<p>Landesregierung hat auf das falsche Pferd gesetzt und muss nun ein neues Konzept vorlegen. Die Absage eines m\u00f6glichen Investors ist nach Meinung der Freien Demokraten ein herber Schlag f\u00fcr die [&#8230;]<\/p>\n","protected":false},"author":1,"featured_media":12814,"comment_status":"open","ping_status":"closed","sticky":false,"template":"","format":"standard","meta":{"footnotes":""},"categories":[8],"tags":[965,708],"class_list":["post-13614","post","type-post","status-publish","format-standard","has-post-thumbnail","hentry","category-wirtschaft","tag-angelika-hiesserich-peter-2","tag-fdp-saar"],"_links":{"self":[{"href":"https:\/\/fdp-aktiv.de\/blog\/wp-json\/wp\/v2\/posts\/13614","targetHints":{"allow":["GET"]}}],"collection":[{"href":"https:\/\/fdp-aktiv.de\/blog\/wp-json\/wp\/v2\/posts"}],"about":[{"href":"https:\/\/fdp-aktiv.de\/blog\/wp-json\/wp\/v2\/types\/post"}],"author":[{"embeddable":true,"href":"https:\/\/fdp-aktiv.de\/blog\/wp-json\/wp\/v2\/users\/1"}],"replies":[{"embeddable":true,"href":"https:\/\/fdp-aktiv.de\/blog\/wp-json\/wp\/v2\/comments?post=13614"}],"version-history":[{"count":1,"href":"https:\/\/fdp-aktiv.de\/blog\/wp-json\/wp\/v2\/posts\/13614\/revisions"}],"predecessor-version":[{"id":13615,"href":"https:\/\/fdp-aktiv.de\/blog\/wp-json\/wp\/v2\/posts\/13614\/revisions\/13615"}],"wp:featuredmedia":[{"embeddable":true,"href":"https:\/\/fdp-aktiv.de\/blog\/wp-json\/wp\/v2\/media\/12814"}],"wp:attachment":[{"href":"https:\/\/fdp-aktiv.de\/blog\/wp-json\/wp\/v2\/media?parent=13614"}],"wp:term":[{"taxonomy":"category","embeddable":true,"href":"https:\/\/fdp-aktiv.de\/blog\/wp-json\/wp\/v2\/categories?post=13614"},{"taxonomy":"post_tag","embeddable":true,"href":"https:\/\/fdp-aktiv.de\/blog\/wp-json\/wp\/v2\/tags?post=13614"}],"curies":[{"name":"wp","href":"https:\/\/api.w.org\/{rel}","templated":true}]}}