{"id":13654,"date":"2023-10-13T06:28:40","date_gmt":"2023-10-13T04:28:40","guid":{"rendered":"https:\/\/fdp-aktiv.de\/blog\/?p=13654"},"modified":"2023-10-13T06:28:40","modified_gmt":"2023-10-13T04:28:40","slug":"thueringen-kemmerich-die-landesregierung-schwenkt-in-der-asylpolitik-auf-fdp-kurs-ein","status":"publish","type":"post","link":"https:\/\/fdp-aktiv.de\/blog\/2023\/10\/13\/thueringen-kemmerich-die-landesregierung-schwenkt-in-der-asylpolitik-auf-fdp-kurs-ein\/","title":{"rendered":"Th\u00fcringen &#8211; Kemmerich: Die Landesregierung schwenkt in der Asylpolitik auf FDP-Kurs ein"},"content":{"rendered":"<div class=\"clearfix text-formatted field field--name-body field--type-text-with-summary field--label-hidden field__item\">\n<p><strong>FDP-Antrag sorgt f\u00fcr Begeisterung bei Ministerin Denst\u00e4dt<\/strong><\/p>\n<p>Bei der der Asylpolitik in Th\u00fcringen ist es bereits f\u00fcnf nach 12. Um die Bew\u00e4ltigung der sich zuspitzenden Situation Herr zu werden, ist der Freistaat gefordert, konkrete Ma\u00dfnahmen umzusetzen. Ein erster Schritt w\u00e4re eine Umstellung von Geld- auf Sachleistungen.<br \/>\nDazu hat die FDP im Th\u00fcringer Landtag bereits am Montag einen entsprechenden Antrag eingebracht.<br \/>\n\u201eDer Worte sind genug gesagt, es wird Zeit f\u00fcr Taten! Die desastr\u00f6sen Zust\u00e4nde in Th\u00fcringens Erstaufnahmeeinrichtungen f\u00fchren das komplette Versagen der Landesregierung in Sachen Migrationspolitik ganz klar vor Augen. Die Kommunen erwarten endlich konkrete Ma\u00dfnahmen von der Regierung\u201c, betont Kemmerich.<br \/>\nDas Recht auf Asyl ist ein zentrales Grundrecht eines werteorientierten Rechtsstaates. Jedoch zeigen sich in der Praxis bei der Gew\u00e4hrung dieses Rechts und den damit einhergehenden Leistungen verschiedene Probleme.<br \/>\n\u201eEin entscheidender Faktor bei der Kontrolle irregul\u00e4rer Migration ist die Auszahlung von Bargeld. Die Anreize f\u00fcr Zuwanderer m\u00fcssen gesenkt werden. Au\u00dferdem muss verhindert werden, dass Geld ins Ausland abflie\u00dft\u201c, so Kemmerich.<br \/>\nDer Vorrang von Sachleistungen ist eine konsequente Umsetzung des Wortlauts des Asylbewerberleistungsgesetzes. Ministerin Denst\u00e4dt zeigt sich im Interview mit dem MDR Th\u00fcringen sehr begeistert von der Idee Bezahlkarten statt Bargeld. Nun ist das Migrationsministerium in der Pflicht endlich zu handeln. Die FDP im Th\u00fcringer Landtag fordert die Landesregierung daher auf, dem eingereichten Antrag dringend zustimmen.<\/p>\n<\/div>\n","protected":false},"excerpt":{"rendered":"<p>FDP-Antrag sorgt f\u00fcr Begeisterung bei Ministerin Denst\u00e4dt Bei der der Asylpolitik in Th\u00fcringen ist es bereits f\u00fcnf nach 12. Um die Bew\u00e4ltigung der sich zuspitzenden Situation Herr zu werden, ist [&#8230;]<\/p>\n","protected":false},"author":1,"featured_media":1115,"comment_status":"open","ping_status":"closed","sticky":false,"template":"","format":"standard","meta":{"footnotes":""},"categories":[5],"tags":[3788,669,271],"class_list":["post-13654","post","type-post","status-publish","format-standard","has-post-thumbnail","hentry","category-aussenpolitik","tag-bezahlkarten","tag-fdp-thueringen","tag-thomas-kemmerich"],"_links":{"self":[{"href":"https:\/\/fdp-aktiv.de\/blog\/wp-json\/wp\/v2\/posts\/13654","targetHints":{"allow":["GET"]}}],"collection":[{"href":"https:\/\/fdp-aktiv.de\/blog\/wp-json\/wp\/v2\/posts"}],"about":[{"href":"https:\/\/fdp-aktiv.de\/blog\/wp-json\/wp\/v2\/types\/post"}],"author":[{"embeddable":true,"href":"https:\/\/fdp-aktiv.de\/blog\/wp-json\/wp\/v2\/users\/1"}],"replies":[{"embeddable":true,"href":"https:\/\/fdp-aktiv.de\/blog\/wp-json\/wp\/v2\/comments?post=13654"}],"version-history":[{"count":1,"href":"https:\/\/fdp-aktiv.de\/blog\/wp-json\/wp\/v2\/posts\/13654\/revisions"}],"predecessor-version":[{"id":13661,"href":"https:\/\/fdp-aktiv.de\/blog\/wp-json\/wp\/v2\/posts\/13654\/revisions\/13661"}],"wp:featuredmedia":[{"embeddable":true,"href":"https:\/\/fdp-aktiv.de\/blog\/wp-json\/wp\/v2\/media\/1115"}],"wp:attachment":[{"href":"https:\/\/fdp-aktiv.de\/blog\/wp-json\/wp\/v2\/media?parent=13654"}],"wp:term":[{"taxonomy":"category","embeddable":true,"href":"https:\/\/fdp-aktiv.de\/blog\/wp-json\/wp\/v2\/categories?post=13654"},{"taxonomy":"post_tag","embeddable":true,"href":"https:\/\/fdp-aktiv.de\/blog\/wp-json\/wp\/v2\/tags?post=13654"}],"curies":[{"name":"wp","href":"https:\/\/api.w.org\/{rel}","templated":true}]}}