{"id":13679,"date":"2023-10-13T06:44:29","date_gmt":"2023-10-13T04:44:29","guid":{"rendered":"https:\/\/fdp-aktiv.de\/blog\/?p=13679"},"modified":"2023-10-13T06:44:29","modified_gmt":"2023-10-13T04:44:29","slug":"bundestag-kuhle","status":"publish","type":"post","link":"https:\/\/fdp-aktiv.de\/blog\/2023\/10\/13\/bundestag-kuhle\/","title":{"rendered":"Bundestag- Kuhle"},"content":{"rendered":"<div class=\"clearfix text-formatted field field--name-body field--type-text-with-summary field--label-hidden field__item\">\n<p>Zu den Beratungen in der Ministerpr\u00e4sidentenkonferenz zur Migrationspolitik erkl\u00e4rt der stellvertretende FDP-Fraktionsvorsitzende Konstantin Kuhle:<\/p>\n<p>\u201eDie Kommunen brauchen dringend Entlastung. Die Verst\u00e4ndigung innerhalb der Bundesregierung auf ein Paket f\u00fcr mehr Ordnung und Kontrolle in der Migrationspolitik ist daher ein wichtiger Schritt in die richtige Richtung. Das Paket sollte nun schnell im Deutschen Bundestag beraten, beschlossen und damit wirksam werden. Zusammen mit der Einstufung von Georgien und Moldau als sichere Herkunftsstaaten, die diese Woche im Deutschen Bundestag beraten wird, werden wir so wirksame und schnelle Ma\u00dfnahmen gegen irregul\u00e4re Migration auf den Weg bringen. Wichtig ist, dass diese am Ende auch tats\u00e4chlich sp\u00fcrbar sind und vor Ort einen Unterschied machen. Daneben sollten Sachleistungen und Bezahlkarten deutschlandweit der Regelfall werden, denn die deutschen Sozialleistungen sorgen im europaweiten Vergleich f\u00fcr eine zu gro\u00dfe Attraktivit\u00e4t. Hier k\u00f6nnen die Ministerpr\u00e4sidenten schon heute aktiv werden und echte L\u00f6sungen gemeinsam mit ihren Kommunen umsetzen.\u201c<\/p>\n<\/div>\n","protected":false},"excerpt":{"rendered":"<p>Zu den Beratungen in der Ministerpr\u00e4sidentenkonferenz zur Migrationspolitik erkl\u00e4rt der stellvertretende FDP-Fraktionsvorsitzende Konstantin Kuhle: \u201eDie Kommunen brauchen dringend Entlastung. Die Verst\u00e4ndigung innerhalb der Bundesregierung auf ein Paket f\u00fcr mehr Ordnung [&#8230;]<\/p>\n","protected":false},"author":1,"featured_media":8165,"comment_status":"open","ping_status":"closed","sticky":false,"template":"","format":"standard","meta":{"footnotes":""},"categories":[5],"tags":[2688,121,693],"class_list":["post-13679","post","type-post","status-publish","format-standard","has-post-thumbnail","hentry","category-aussenpolitik","tag-fdp-bundestag","tag-konstantin-kuhle","tag-migration"],"_links":{"self":[{"href":"https:\/\/fdp-aktiv.de\/blog\/wp-json\/wp\/v2\/posts\/13679","targetHints":{"allow":["GET"]}}],"collection":[{"href":"https:\/\/fdp-aktiv.de\/blog\/wp-json\/wp\/v2\/posts"}],"about":[{"href":"https:\/\/fdp-aktiv.de\/blog\/wp-json\/wp\/v2\/types\/post"}],"author":[{"embeddable":true,"href":"https:\/\/fdp-aktiv.de\/blog\/wp-json\/wp\/v2\/users\/1"}],"replies":[{"embeddable":true,"href":"https:\/\/fdp-aktiv.de\/blog\/wp-json\/wp\/v2\/comments?post=13679"}],"version-history":[{"count":1,"href":"https:\/\/fdp-aktiv.de\/blog\/wp-json\/wp\/v2\/posts\/13679\/revisions"}],"predecessor-version":[{"id":13681,"href":"https:\/\/fdp-aktiv.de\/blog\/wp-json\/wp\/v2\/posts\/13679\/revisions\/13681"}],"wp:featuredmedia":[{"embeddable":true,"href":"https:\/\/fdp-aktiv.de\/blog\/wp-json\/wp\/v2\/media\/8165"}],"wp:attachment":[{"href":"https:\/\/fdp-aktiv.de\/blog\/wp-json\/wp\/v2\/media?parent=13679"}],"wp:term":[{"taxonomy":"category","embeddable":true,"href":"https:\/\/fdp-aktiv.de\/blog\/wp-json\/wp\/v2\/categories?post=13679"},{"taxonomy":"post_tag","embeddable":true,"href":"https:\/\/fdp-aktiv.de\/blog\/wp-json\/wp\/v2\/tags?post=13679"}],"curies":[{"name":"wp","href":"https:\/\/api.w.org\/{rel}","templated":true}]}}