{"id":13696,"date":"2023-10-16T14:56:20","date_gmt":"2023-10-16T12:56:20","guid":{"rendered":"https:\/\/fdp-aktiv.de\/blog\/?p=13696"},"modified":"2023-10-16T14:56:20","modified_gmt":"2023-10-16T12:56:20","slug":"mucker-bildungstrend-ist-wichtiger-warnschuss-fuer-das-saarland","status":"publish","type":"post","link":"https:\/\/fdp-aktiv.de\/blog\/2023\/10\/16\/mucker-bildungstrend-ist-wichtiger-warnschuss-fuer-das-saarland\/","title":{"rendered":"Mucker: Bildungstrend ist wichtiger Warnschuss f\u00fcr das Saarland"},"content":{"rendered":"<div class=\"clearfix text-formatted field field--name-field-body field--type-text-long field--label-hidden field__item\">\n<p>Saarl\u00e4ndische Sch\u00fcler schneiden im Bildungstrend der Neuntkl\u00e4ssler schlecht ab. FDP Saar sieht daher Handlungsbedarf in der saarl\u00e4ndischen <a href=\"https:\/\/fdp-aktiv.de\/blog\/2021\/01\/29\/fdp-forderung-bildung\/\" data-internallinksmanager029f6b8e52c=\"3\" title=\"FDP Forderung Bildungspolitik\">Bildungspolitik<\/a>.<\/p>\n<p>\u201eDie Leistungen der Sch\u00fcler in Klasse 9 bleiben bundesweit hinter den Standards f\u00fcr den Mittleren Bildungsabschluss zur\u00fcck. Zwar haben die Sch\u00fcler noch ein Jahr Zeit bis zu ihrem Abschluss, allerdings sind die R\u00fcckst\u00e4nde besonders beim Leseverstehen und bei der Rechtschreibung kaum aufzuholen. Besonders durch den Unterricht von zu Hause aus w\u00e4hrend der Corona-Pandemie haben saarl\u00e4ndische Sch\u00fcler im Vergleich zu den vorherigen Gruppen R\u00fcckst\u00e4nde eingesammelt. Das zeigt auch, dass das Programm \u201eAufholen nach Corona\u201c nicht erfolgreich darin war, diese R\u00fcckst\u00e4nde aufzuholen. Das Saarland droht somit, bildungspolitisch zur\u00fcckzufallen. Besonders erkennbar ist dies im Bundesvergleich, bei dem das Saarland in Englisch am schw\u00e4chsten abschneidet. Das Saarland bezahlt f\u00fcr die Frankreichstrategie &#8211; mit Sch\u00fclern, die in Englisch abgeh\u00e4ngt sind\u201c, so Generalsekret\u00e4r Marcel Mucker.<\/p>\n<p>Die FDP Saar wirbt f\u00fcr ein Umdenken in der <a href=\"https:\/\/fdp-aktiv.de\/blog\/2021\/01\/29\/fdp-forderung-bildung\/\" data-internallinksmanager029f6b8e52c=\"3\" title=\"FDP Forderung Bildungspolitik\">Bildungspolitik<\/a>: \u201eIn den Grundschulen m\u00fcssen Mathe und Deutsch gest\u00e4rkt werden, das Aussetzen der Versetzung von Klasse 5 nach 6 muss zur\u00fcckgenommen werden und wir ben\u00f6tigen dringend mehr Lehrkr\u00e4fte\u201c, so Mucker weiter.<\/p>\n<\/div>\n","protected":false},"excerpt":{"rendered":"<p>Saarl\u00e4ndische Sch\u00fcler schneiden im Bildungstrend der Neuntkl\u00e4ssler schlecht ab. FDP Saar sieht daher Handlungsbedarf in der saarl\u00e4ndischen Bildungspolitik. \u201eDie Leistungen der Sch\u00fcler in Klasse 9 bleiben bundesweit hinter den Standards [&#8230;]<\/p>\n","protected":false},"author":1,"featured_media":5272,"comment_status":"open","ping_status":"closed","sticky":false,"template":"","format":"standard","meta":{"footnotes":""},"categories":[34],"tags":[708,1597],"class_list":["post-13696","post","type-post","status-publish","format-standard","has-post-thumbnail","hentry","category-bildung","tag-fdp-saar","tag-marcel-mucker"],"_links":{"self":[{"href":"https:\/\/fdp-aktiv.de\/blog\/wp-json\/wp\/v2\/posts\/13696","targetHints":{"allow":["GET"]}}],"collection":[{"href":"https:\/\/fdp-aktiv.de\/blog\/wp-json\/wp\/v2\/posts"}],"about":[{"href":"https:\/\/fdp-aktiv.de\/blog\/wp-json\/wp\/v2\/types\/post"}],"author":[{"embeddable":true,"href":"https:\/\/fdp-aktiv.de\/blog\/wp-json\/wp\/v2\/users\/1"}],"replies":[{"embeddable":true,"href":"https:\/\/fdp-aktiv.de\/blog\/wp-json\/wp\/v2\/comments?post=13696"}],"version-history":[{"count":1,"href":"https:\/\/fdp-aktiv.de\/blog\/wp-json\/wp\/v2\/posts\/13696\/revisions"}],"predecessor-version":[{"id":13697,"href":"https:\/\/fdp-aktiv.de\/blog\/wp-json\/wp\/v2\/posts\/13696\/revisions\/13697"}],"wp:featuredmedia":[{"embeddable":true,"href":"https:\/\/fdp-aktiv.de\/blog\/wp-json\/wp\/v2\/media\/5272"}],"wp:attachment":[{"href":"https:\/\/fdp-aktiv.de\/blog\/wp-json\/wp\/v2\/media?parent=13696"}],"wp:term":[{"taxonomy":"category","embeddable":true,"href":"https:\/\/fdp-aktiv.de\/blog\/wp-json\/wp\/v2\/categories?post=13696"},{"taxonomy":"post_tag","embeddable":true,"href":"https:\/\/fdp-aktiv.de\/blog\/wp-json\/wp\/v2\/tags?post=13696"}],"curies":[{"name":"wp","href":"https:\/\/api.w.org\/{rel}","templated":true}]}}