{"id":13698,"date":"2023-10-16T14:58:38","date_gmt":"2023-10-16T12:58:38","guid":{"rendered":"https:\/\/fdp-aktiv.de\/blog\/?p=13698"},"modified":"2023-10-16T14:58:38","modified_gmt":"2023-10-16T12:58:38","slug":"jung-entschiedenes-nein-zu-lkw-maut-auf-landes-und-kommunalstrassen","status":"publish","type":"post","link":"https:\/\/fdp-aktiv.de\/blog\/2023\/10\/16\/jung-entschiedenes-nein-zu-lkw-maut-auf-landes-und-kommunalstrassen\/","title":{"rendered":"Jung: Entschiedenes NEIN zu LKW-Maut auf Landes- und Kommunalstra\u00dfen"},"content":{"rendered":"<p>Anfrage an Bundes- und Landesregierung<\/p>\n<p>Im Zusammenhang mit der Diskussion um die Einf\u00fchrung einer LKW-Maut auf Landes- und Kommunalstra\u00dfen, sagt der verkehrspolitische Sprecher der FDP\/DVP-Fraktion im Landtag von Baden-W\u00fcrttemberg, <strong>Dr. Christian Jung<\/strong>:<\/p>\n<p>\u201eDie Einf\u00fchrung einer LKW-Maut auf Landes- und Kommunalstra\u00dfen darf es nicht geben. Ich verwahre mich entschieden gegen diese Zusatzbelastung f\u00fcr die Wirtschaft sowie die B\u00fcrgerinnen und B\u00fcrger. Ich werde mich bei der Bundes- sowie der Landesregierung erkundigen, was in diesem Bereich f\u00fcr Ideen aus Baden-W\u00fcrttemberg kursieren. Ich stelle in Abrede, dass der Bund \u00fcberhaupt eine Gesetzgebungskompetenz f\u00fcr eine Maut auf Landes- und Kommunalstra\u00dfen h\u00e4tte. Und ich m\u00f6chte wissen, ob Toll Collect \u00fcberhaupt bereit w\u00e4re, f\u00fcr das Land eine Maut zu erheben. So oder so muss dieser Unfug vom Tisch. Unser Wirtschaftsstandort ist jetzt schon mit Kosten v\u00f6llig \u00fcberlastet. Und die B\u00fcrgerinnen und B\u00fcrger st\u00f6hnen zu Recht unter der Last der Inflation.\u201c<\/p>\n<p>&nbsp;<\/p>\n<p>&nbsp;<\/p>\n","protected":false},"excerpt":{"rendered":"<p>Anfrage an Bundes- und Landesregierung Im Zusammenhang mit der Diskussion um die Einf\u00fchrung einer LKW-Maut auf Landes- und Kommunalstra\u00dfen, sagt der verkehrspolitische Sprecher der FDP\/DVP-Fraktion im Landtag von Baden-W\u00fcrttemberg, Dr. [&#8230;]<\/p>\n","protected":false},"author":1,"featured_media":1590,"comment_status":"open","ping_status":"closed","sticky":false,"template":"","format":"standard","meta":{"footnotes":""},"categories":[144],"tags":[874,650,2499,3869,98],"class_list":["post-13698","post","type-post","status-publish","format-standard","has-post-thumbnail","hentry","category-verkehr-innenpolitik","tag-dr-christian-jung","tag-fdp-dvp","tag-lkw","tag-lkw-maut","tag-maut"],"_links":{"self":[{"href":"https:\/\/fdp-aktiv.de\/blog\/wp-json\/wp\/v2\/posts\/13698","targetHints":{"allow":["GET"]}}],"collection":[{"href":"https:\/\/fdp-aktiv.de\/blog\/wp-json\/wp\/v2\/posts"}],"about":[{"href":"https:\/\/fdp-aktiv.de\/blog\/wp-json\/wp\/v2\/types\/post"}],"author":[{"embeddable":true,"href":"https:\/\/fdp-aktiv.de\/blog\/wp-json\/wp\/v2\/users\/1"}],"replies":[{"embeddable":true,"href":"https:\/\/fdp-aktiv.de\/blog\/wp-json\/wp\/v2\/comments?post=13698"}],"version-history":[{"count":1,"href":"https:\/\/fdp-aktiv.de\/blog\/wp-json\/wp\/v2\/posts\/13698\/revisions"}],"predecessor-version":[{"id":13699,"href":"https:\/\/fdp-aktiv.de\/blog\/wp-json\/wp\/v2\/posts\/13698\/revisions\/13699"}],"wp:featuredmedia":[{"embeddable":true,"href":"https:\/\/fdp-aktiv.de\/blog\/wp-json\/wp\/v2\/media\/1590"}],"wp:attachment":[{"href":"https:\/\/fdp-aktiv.de\/blog\/wp-json\/wp\/v2\/media?parent=13698"}],"wp:term":[{"taxonomy":"category","embeddable":true,"href":"https:\/\/fdp-aktiv.de\/blog\/wp-json\/wp\/v2\/categories?post=13698"},{"taxonomy":"post_tag","embeddable":true,"href":"https:\/\/fdp-aktiv.de\/blog\/wp-json\/wp\/v2\/tags?post=13698"}],"curies":[{"name":"wp","href":"https:\/\/api.w.org\/{rel}","templated":true}]}}