{"id":13722,"date":"2023-10-18T06:42:53","date_gmt":"2023-10-18T04:42:53","guid":{"rendered":"https:\/\/fdp-aktiv.de\/blog\/?p=13722"},"modified":"2023-10-18T06:42:53","modified_gmt":"2023-10-18T04:42:53","slug":"berlin-christoph-meyer-mdb-landesvorsitzender-der-fdp-berlin-zum-heutigen-anschlag-der-letzten-generation-auf-die-weltzeituhr-am-alexanderplatz","status":"publish","type":"post","link":"https:\/\/fdp-aktiv.de\/blog\/2023\/10\/18\/berlin-christoph-meyer-mdb-landesvorsitzender-der-fdp-berlin-zum-heutigen-anschlag-der-letzten-generation-auf-die-weltzeituhr-am-alexanderplatz\/","title":{"rendered":"BERLIN. Christoph Meyer MdB, Landesvorsitzender der FDP Berlin, zum heutigen Anschlag der \u201eLetzten Generation\u201c auf die Weltzeituhr am Alexanderplatz:"},"content":{"rendered":"<p><i>\u201eBlockaden auf den Berliner Stra\u00dfen, Angriff auf das Brandenburger Tor und jetzt die Attacke auf die Weltzeituhr am Alex \u2013 mit ihren kriminellen Machenschaften terrorisiert die so genannte \u201eLetzte Generation\u201c tagt\u00e4glich die Berlinerinnen und Berliner \u2013 und Justizsenatoren Felor Badenberg sieht zu. Das Ma\u00df ist voll. Kai Wegner muss seine Senatorin sofort anweisen, die Berliner Staatsanwaltschaften mit Ermittlungen gegen die \u201eLetzte Generation\u201c zur Bildung einer kriminellen Vereinigung zu beauftragen. Sollte das nicht unverz\u00fcglich passieren, ist Felor Badenberg die falsche Person an der Spitze der Senatsjustizverwaltung und muss gehen. Der &#8220;Rote Kai&#8221; wollte lange Regierender B\u00fcrgermeister werden. Wann \u00fcberwindet er endlich die Schockstarre nach seiner Wahl und f\u00e4ngt an, im Sinne der Stadt zu handeln. Bis jetzt war die Performance ganz sicher nicht &#8220;das Beste f\u00fcr Berlin&#8221;.\u201c<\/i><\/p>\n","protected":false},"excerpt":{"rendered":"<p>\u201eBlockaden auf den Berliner Stra\u00dfen, Angriff auf das Brandenburger Tor und jetzt die Attacke auf die Weltzeituhr am Alex \u2013 mit ihren kriminellen Machenschaften terrorisiert die so genannte \u201eLetzte Generation\u201c [&#8230;]<\/p>\n","protected":false},"author":1,"featured_media":5508,"comment_status":"open","ping_status":"closed","sticky":false,"template":"","format":"standard","meta":{"footnotes":""},"categories":[536],"tags":[3251,2322,706,3582,3876],"class_list":["post-13722","post","type-post","status-publish","format-standard","has-post-thumbnail","hentry","category-sicherheit","tag-anschlag","tag-christoph-meyer","tag-fdp-berlin","tag-letzte-generation","tag-weltzeituhr"],"_links":{"self":[{"href":"https:\/\/fdp-aktiv.de\/blog\/wp-json\/wp\/v2\/posts\/13722","targetHints":{"allow":["GET"]}}],"collection":[{"href":"https:\/\/fdp-aktiv.de\/blog\/wp-json\/wp\/v2\/posts"}],"about":[{"href":"https:\/\/fdp-aktiv.de\/blog\/wp-json\/wp\/v2\/types\/post"}],"author":[{"embeddable":true,"href":"https:\/\/fdp-aktiv.de\/blog\/wp-json\/wp\/v2\/users\/1"}],"replies":[{"embeddable":true,"href":"https:\/\/fdp-aktiv.de\/blog\/wp-json\/wp\/v2\/comments?post=13722"}],"version-history":[{"count":1,"href":"https:\/\/fdp-aktiv.de\/blog\/wp-json\/wp\/v2\/posts\/13722\/revisions"}],"predecessor-version":[{"id":13723,"href":"https:\/\/fdp-aktiv.de\/blog\/wp-json\/wp\/v2\/posts\/13722\/revisions\/13723"}],"wp:featuredmedia":[{"embeddable":true,"href":"https:\/\/fdp-aktiv.de\/blog\/wp-json\/wp\/v2\/media\/5508"}],"wp:attachment":[{"href":"https:\/\/fdp-aktiv.de\/blog\/wp-json\/wp\/v2\/media?parent=13722"}],"wp:term":[{"taxonomy":"category","embeddable":true,"href":"https:\/\/fdp-aktiv.de\/blog\/wp-json\/wp\/v2\/categories?post=13722"},{"taxonomy":"post_tag","embeddable":true,"href":"https:\/\/fdp-aktiv.de\/blog\/wp-json\/wp\/v2\/tags?post=13722"}],"curies":[{"name":"wp","href":"https:\/\/api.w.org\/{rel}","templated":true}]}}