{"id":13725,"date":"2023-10-19T15:48:02","date_gmt":"2023-10-19T13:48:02","guid":{"rendered":"https:\/\/fdp-aktiv.de\/blog\/?p=13725"},"modified":"2023-10-19T15:48:02","modified_gmt":"2023-10-19T13:48:02","slug":"waelder-duerfen-nicht-zur-beute-von-windkraft-lobbyisten-werden","status":"publish","type":"post","link":"https:\/\/fdp-aktiv.de\/blog\/2023\/10\/19\/waelder-duerfen-nicht-zur-beute-von-windkraft-lobbyisten-werden\/","title":{"rendered":"W\u00e4lder d\u00fcrfen nicht zur Beute von Windkraft-Lobbyisten werden"},"content":{"rendered":"<h2>Windkraft-Lobbyisten werden<\/h2>\n<div class=\"clearfix text-formatted field field--name-body field--type-text-with-summary field--label-hidden field__item\">\n<p><strong>Fachauschuss des Th\u00fcringer Landtags bef\u00fcrwortet die von der FDP initiierte \u00c4nderung des Waldgesetzes<\/strong><\/p>\n<p>78 Prozent der Th\u00fcringer lehnen es ab, dass Windkraftanlagen auch in W\u00e4ldern errichtet werden. Nur einen Tag nach Bekanntwerden dieses Ergebnisses einer MDR-Umfrage hat der Fachausschuss des Th\u00fcringer Landtags in diesem Sinne eine Beschlussempfehlung abgegeben. Der ILF (Infrastruktur, Landwirtschaft und Forsten) stimmt dem von der FDP vorgelegten Entwurf zur \u00c4nderung des Th\u00fcringer Waldgesetzes mehrheitlich zu.<\/p>\n<p>\u201eUnsere W\u00e4lder d\u00fcrfen nicht zur Beute von Windkraft-Lobbyisten werden\u201c, sagt Dirk Bergner, forstpolitischer Sprecher der FDP. \u201eWir sind davon \u00fcberzeugt, dass ein gesunder Wald eine h\u00f6heren Beitrag zum Klimaschutz leistet als jedes Windrad. Wald muss Wald bleiben. Alles andere f\u00fchrt auf den Holzweg.\u201c<\/p>\n<p>Das Bundesverfassungsgericht hatte vor einem Jahr das bisherige sowie mit breiter Mehrheit des Landtags beschlossene Verbot von Windenergieanlagen in Th\u00fcringer W\u00e4ldern als verfassungswidrig erkl\u00e4rt. \u201eWir haben diese Entscheidung mit Respekt zur Kenntnis genommen und setzen nun eine L\u00f6sung um, die sowohl den rechtlichen Anspr\u00fcchen als auch der Bedeutung des Waldes als Biotop gerecht wird\u201c, betont Dirk Bergner. In ihrem Gesetzentwurf hat die FDP den vom Gericht ger\u00fcgten Passus gestrichen. An die Stelle des Pauschalverbots tritt nun eine Ausweitung der Interessenabw\u00e4gung bei der Nutzung von Waldfl\u00e4chen.<\/p>\n<\/div>\n","protected":false},"excerpt":{"rendered":"<p>Windkraft-Lobbyisten werden Fachauschuss des Th\u00fcringer Landtags bef\u00fcrwortet die von der FDP initiierte \u00c4nderung des Waldgesetzes 78 Prozent der Th\u00fcringer lehnen es ab, dass Windkraftanlagen auch in W\u00e4ldern errichtet werden. Nur [&#8230;]<\/p>\n","protected":false},"author":1,"featured_media":4231,"comment_status":"open","ping_status":"closed","sticky":false,"template":"","format":"standard","meta":{"footnotes":""},"categories":[1979,249],"tags":[446,669,3877,1688,1519],"class_list":["post-13725","post","type-post","status-publish","format-standard","has-post-thumbnail","hentry","category-energie","category-umwelt","tag-dirk-bergner","tag-fdp-thueringen","tag-ilf","tag-wald","tag-windkraft"],"_links":{"self":[{"href":"https:\/\/fdp-aktiv.de\/blog\/wp-json\/wp\/v2\/posts\/13725","targetHints":{"allow":["GET"]}}],"collection":[{"href":"https:\/\/fdp-aktiv.de\/blog\/wp-json\/wp\/v2\/posts"}],"about":[{"href":"https:\/\/fdp-aktiv.de\/blog\/wp-json\/wp\/v2\/types\/post"}],"author":[{"embeddable":true,"href":"https:\/\/fdp-aktiv.de\/blog\/wp-json\/wp\/v2\/users\/1"}],"replies":[{"embeddable":true,"href":"https:\/\/fdp-aktiv.de\/blog\/wp-json\/wp\/v2\/comments?post=13725"}],"version-history":[{"count":1,"href":"https:\/\/fdp-aktiv.de\/blog\/wp-json\/wp\/v2\/posts\/13725\/revisions"}],"predecessor-version":[{"id":13726,"href":"https:\/\/fdp-aktiv.de\/blog\/wp-json\/wp\/v2\/posts\/13725\/revisions\/13726"}],"wp:featuredmedia":[{"embeddable":true,"href":"https:\/\/fdp-aktiv.de\/blog\/wp-json\/wp\/v2\/media\/4231"}],"wp:attachment":[{"href":"https:\/\/fdp-aktiv.de\/blog\/wp-json\/wp\/v2\/media?parent=13725"}],"wp:term":[{"taxonomy":"category","embeddable":true,"href":"https:\/\/fdp-aktiv.de\/blog\/wp-json\/wp\/v2\/categories?post=13725"},{"taxonomy":"post_tag","embeddable":true,"href":"https:\/\/fdp-aktiv.de\/blog\/wp-json\/wp\/v2\/tags?post=13725"}],"curies":[{"name":"wp","href":"https:\/\/api.w.org\/{rel}","templated":true}]}}