{"id":13749,"date":"2023-10-19T17:44:26","date_gmt":"2023-10-19T15:44:26","guid":{"rendered":"https:\/\/fdp-aktiv.de\/blog\/?p=13749"},"modified":"2023-10-19T17:44:26","modified_gmt":"2023-10-19T15:44:26","slug":"hessen-naas-wirtschaftsbericht-ist-grosser-arbeitsauftrag-an-die-landesregierung","status":"publish","type":"post","link":"https:\/\/fdp-aktiv.de\/blog\/2023\/10\/19\/hessen-naas-wirtschaftsbericht-ist-grosser-arbeitsauftrag-an-die-landesregierung\/","title":{"rendered":"Hessen &#8211; NAAS: Wirtschaftsbericht ist gro\u00dfer Arbeitsauftrag an die Landesregierung"},"content":{"rendered":"<div class=\"clearfix text-formatted field field--name-body field--type-text-with-summary field--label-hidden field__item\">\n<ul>\n<li><strong>Papier des Zukunftsrats zeigt gro\u00dfe Themen auf\u00a0<\/strong><\/li>\n<li><strong>Umfang der Aufgaben ist schlechtes Zeugnis f\u00fcr Politik der vergangenen Jahre<\/strong><\/li>\n<li><strong>Pl\u00e4doyer f\u00fcr bessere Infrastruktur und digitale Verwaltung\u00a0<\/strong><\/li>\n<\/ul>\n<p>Dr. Stefan NAAS, wirtschaftspolitischer Sprecher der Freien Demokraten im Hessischen Landtag, sieht im heute vorgestellten Abschlussbericht des Hessischen Zukunftsrats Wirtschaft viele positive Anregungen: \u201eDas Papier zeigt die gro\u00dfen Themen auf, die die hessische Landespolitik in den kommenden Jahren und damit in der neuen Legislaturperiode angehen muss, und macht umfangreiche Handlungsvorschl\u00e4ge. Das ist ein gro\u00dfer Arbeitsauftrag an die k\u00fcnftige Landesregierung, die damit alle H\u00e4nde voll zu tun haben wird. Dass so viel anzupacken ist, ist aber gleichzeitig ein schlechtes Zeugnis f\u00fcr die <a href=\"https:\/\/fdp-aktiv.de\/blog\/2021\/01\/29\/fdp-forderung-wirtschaftspolitik\/\" data-internallinksmanager029f6b8e52c=\"10\" title=\"FDP Forderung Wirtschaftspolitik\" target=\"_blank\" rel=\"noopener\">Wirtschaftspolitik<\/a> der vergangenen Jahre\u201c, stellt Naas fest.<\/p>\n<p>Der Bericht gehe auf viele Themen ein, die die Freien Demokraten bereits in den vergangenen Jahren im Landtag auf die Agenda gesetzt hatten &#8211; sei es eine leistungsf\u00e4hige Verkehrsinfrastruktur, auf die Hessen als Wirtschaftsstandort und Transitland besonders angewiesen sei, oder die digitale Infrastruktur mit gigabitf\u00e4higen Netzen, sei es eine digitale, serviceorientierte Verwaltung oder der Ausbau einer bedarfsgerechten Wasserstoffinfrastruktur: \u201eDer Zukunftsrat hat die richtigen Themen benannt. Die k\u00fcnftige Landesregierung ist gut beraten, sich den Bericht zu Herzen zu nehmen und den wesentlichen Empfehlungen zu folgen. Schlie\u00dflich geht es darum, Hessens Wirtschaft wieder in Top-Position zu bringen.\u201c<\/p>\n<\/div>\n","protected":false},"excerpt":{"rendered":"<p>Papier des Zukunftsrats zeigt gro\u00dfe Themen auf\u00a0 Umfang der Aufgaben ist schlechtes Zeugnis f\u00fcr Politik der vergangenen Jahre Pl\u00e4doyer f\u00fcr bessere Infrastruktur und digitale Verwaltung\u00a0 Dr. Stefan NAAS, wirtschaftspolitischer Sprecher [&#8230;]<\/p>\n","protected":false},"author":1,"featured_media":11567,"comment_status":"open","ping_status":"closed","sticky":false,"template":"","format":"standard","meta":{"footnotes":""},"categories":[8],"tags":[1302,635,3879],"class_list":["post-13749","post","type-post","status-publish","format-standard","has-post-thumbnail","hentry","category-wirtschaft","tag-dr-stefan-naas","tag-fdp-hessen","tag-wirschaftsbericht"],"_links":{"self":[{"href":"https:\/\/fdp-aktiv.de\/blog\/wp-json\/wp\/v2\/posts\/13749","targetHints":{"allow":["GET"]}}],"collection":[{"href":"https:\/\/fdp-aktiv.de\/blog\/wp-json\/wp\/v2\/posts"}],"about":[{"href":"https:\/\/fdp-aktiv.de\/blog\/wp-json\/wp\/v2\/types\/post"}],"author":[{"embeddable":true,"href":"https:\/\/fdp-aktiv.de\/blog\/wp-json\/wp\/v2\/users\/1"}],"replies":[{"embeddable":true,"href":"https:\/\/fdp-aktiv.de\/blog\/wp-json\/wp\/v2\/comments?post=13749"}],"version-history":[{"count":1,"href":"https:\/\/fdp-aktiv.de\/blog\/wp-json\/wp\/v2\/posts\/13749\/revisions"}],"predecessor-version":[{"id":13750,"href":"https:\/\/fdp-aktiv.de\/blog\/wp-json\/wp\/v2\/posts\/13749\/revisions\/13750"}],"wp:featuredmedia":[{"embeddable":true,"href":"https:\/\/fdp-aktiv.de\/blog\/wp-json\/wp\/v2\/media\/11567"}],"wp:attachment":[{"href":"https:\/\/fdp-aktiv.de\/blog\/wp-json\/wp\/v2\/media?parent=13749"}],"wp:term":[{"taxonomy":"category","embeddable":true,"href":"https:\/\/fdp-aktiv.de\/blog\/wp-json\/wp\/v2\/categories?post=13749"},{"taxonomy":"post_tag","embeddable":true,"href":"https:\/\/fdp-aktiv.de\/blog\/wp-json\/wp\/v2\/tags?post=13749"}],"curies":[{"name":"wp","href":"https:\/\/api.w.org\/{rel}","templated":true}]}}