{"id":13794,"date":"2023-10-24T16:27:39","date_gmt":"2023-10-24T14:27:39","guid":{"rendered":"https:\/\/fdp-aktiv.de\/blog\/?p=13794"},"modified":"2023-10-24T16:28:01","modified_gmt":"2023-10-24T14:28:01","slug":"julis-verena-blacha-das-leben-in-saarbruecken-wird-teuer-sehr-teuer","status":"publish","type":"post","link":"https:\/\/fdp-aktiv.de\/blog\/2023\/10\/24\/julis-verena-blacha-das-leben-in-saarbruecken-wird-teuer-sehr-teuer\/","title":{"rendered":"Julis &#8211; Verena Blacha: Das Leben in Saarbr\u00fccken wird teuer, sehr teuer"},"content":{"rendered":"<p>Das Leben in Saarbr\u00fccken wird teuer, sehr teuer<br \/>\nDie B\u00fcrgermeisterin von Saarbr\u00fccken und Finanzdezernentin Barbara Meyer plant, um die Finanzl\u00f6cher in der Haushaltskasse zu stopfen, das Leben f\u00fcr die<br \/>\nB\u00fcrger Saarbr\u00fcckens zu verteuern. Auf der Agenda steht eine Bettensteuer, die Erh\u00f6hung der Grundsteuer von 520 auf 675 Punkte und eine Verdreifachung<br \/>\ndes Anwohnerparkens bis 2027. Das Leben in Saarbr\u00fccken wird also teurer.<\/p>\n<p>Dazu \u00e4u\u00dfert sich die Landesvorsitzende der Jungen Liberalen (JuLis) Saar, Verena Blacha:<br \/>\n\u201eDie Landeshauptstadt Saarbr\u00fccken h\u00e4tte hier die Chance zu zeigen, dass sich Politik tats\u00e4chlich selbst reformieren kann, anstatt seine B\u00fcrgerinnen und<br \/>\nB\u00fcrger zu schr\u00f6pfen.<\/p>\n<p>Wir Junge Liberale pochen darauf, dass diese Pl\u00e4ne nicht in die Tat umgesetzt werden. Diese Ma\u00dfnahmen in Zeiten, in der die Inflation den Geldbeutel bereits<br \/>\nschm\u00e4lert und die Krisen dieser Welt die B\u00fcrgerinnen und B\u00fcrger mit Sorgen und Kummer zur\u00fcckl\u00e4sst, sind einfach absurd. Statt von Steuererh\u00f6hungen zu tr\u00e4umen und unter anderem die durch die Corona-Krise nach wie vor belastete Tourismusbranche weiter zu belasten, sollte man lieber die eigene Verwaltung auf den Pr\u00fcfstand stellen.<\/p>\n<p>Insbesondere die immens hohen Zusagen f\u00fcr Versorgungs- und Pensionsanspr\u00fcche sollten dringend \u00fcberarbeitet werden. Aber auch sehen wir JuLis viel Einsparpotenzial in der Digitalisierung, wodurch interne Prozesse verschlankt und effizienter gemacht werden k\u00f6nnten.\u201c<\/p>\n","protected":false},"excerpt":{"rendered":"<p>Das Leben in Saarbr\u00fccken wird teuer, sehr teuer Die B\u00fcrgermeisterin von Saarbr\u00fccken und Finanzdezernentin Barbara Meyer plant, um die Finanzl\u00f6cher in der Haushaltskasse zu stopfen, das Leben f\u00fcr die B\u00fcrger [&#8230;]<\/p>\n","protected":false},"author":1,"featured_media":9725,"comment_status":"open","ping_status":"closed","sticky":false,"template":"","format":"standard","meta":{"footnotes":""},"categories":[8],"tags":[2484,708],"class_list":["post-13794","post","type-post","status-publish","format-standard","has-post-thumbnail","hentry","category-wirtschaft","tag-fdp-julis","tag-fdp-saar"],"_links":{"self":[{"href":"https:\/\/fdp-aktiv.de\/blog\/wp-json\/wp\/v2\/posts\/13794","targetHints":{"allow":["GET"]}}],"collection":[{"href":"https:\/\/fdp-aktiv.de\/blog\/wp-json\/wp\/v2\/posts"}],"about":[{"href":"https:\/\/fdp-aktiv.de\/blog\/wp-json\/wp\/v2\/types\/post"}],"author":[{"embeddable":true,"href":"https:\/\/fdp-aktiv.de\/blog\/wp-json\/wp\/v2\/users\/1"}],"replies":[{"embeddable":true,"href":"https:\/\/fdp-aktiv.de\/blog\/wp-json\/wp\/v2\/comments?post=13794"}],"version-history":[{"count":1,"href":"https:\/\/fdp-aktiv.de\/blog\/wp-json\/wp\/v2\/posts\/13794\/revisions"}],"predecessor-version":[{"id":13795,"href":"https:\/\/fdp-aktiv.de\/blog\/wp-json\/wp\/v2\/posts\/13794\/revisions\/13795"}],"wp:featuredmedia":[{"embeddable":true,"href":"https:\/\/fdp-aktiv.de\/blog\/wp-json\/wp\/v2\/media\/9725"}],"wp:attachment":[{"href":"https:\/\/fdp-aktiv.de\/blog\/wp-json\/wp\/v2\/media?parent=13794"}],"wp:term":[{"taxonomy":"category","embeddable":true,"href":"https:\/\/fdp-aktiv.de\/blog\/wp-json\/wp\/v2\/categories?post=13794"},{"taxonomy":"post_tag","embeddable":true,"href":"https:\/\/fdp-aktiv.de\/blog\/wp-json\/wp\/v2\/tags?post=13794"}],"curies":[{"name":"wp","href":"https:\/\/api.w.org\/{rel}","templated":true}]}}