{"id":13815,"date":"2023-10-30T12:15:58","date_gmt":"2023-10-30T11:15:58","guid":{"rendered":"https:\/\/fdp-aktiv.de\/blog\/?p=13815"},"modified":"2023-10-30T12:15:58","modified_gmt":"2023-10-30T11:15:58","slug":"thueringen-wie-lange-will-herr-ramelow-noch-kneifen-regierungserklaerung-jetzt","status":"publish","type":"post","link":"https:\/\/fdp-aktiv.de\/blog\/2023\/10\/30\/thueringen-wie-lange-will-herr-ramelow-noch-kneifen-regierungserklaerung-jetzt\/","title":{"rendered":"Th\u00fcringen: Wie lange will Herr Ramelow noch kneifen? Regierungserkl\u00e4rung jetzt!"},"content":{"rendered":"<div class=\"clearfix text-formatted field field--name-body field--type-text-with-summary field--label-hidden field__item\">\n<p><strong>Regierungserkl\u00e4rung zur Migration ist \u00fcberf\u00e4llig \/ Auch die CDU unterst\u00fctzt diese FDP-Forderung<\/strong><\/p>\n<p>Noch immer steht die Zusage des Th\u00fcringer Ministerpr\u00e4sidenten aus, in dieser Woche eine Regierungserkl\u00e4rung zur <a href=\"https:\/\/fdp-aktiv.de\/blog\/2021\/01\/29\/fdp-forderung-einwandungspolitik\/\" data-internallinksmanager029f6b8e52c=\"7\" title=\"FDP Forderung Einwanderungs- und Fl\u00fcchtlingspolitik\">Fl\u00fcchtlingspolitik<\/a> abzugeben. Die FDP hatte ihn dazu bereits am 20. Oktober in einem Schreiben aufgefordert; mittlerweile wird diese Forderung auch von der CDU unterst\u00fctzt.<\/p>\n<p>\u201eEin Regierungschef ist nicht dazu da, immer nur La Paloma zu pfeifen. Wie lange will Herr Ramelow eigentlich noch kneifen?\u201c, fragt sich Thomas L. Kemmerich, Vorsitzender der FDP im Th\u00fcringer Landtag. \u201eEs ist ein Zeichen der Verantwortung und des Respekts gegen\u00fcber dem Parlament, endlich selbst Rede und Antwort stehen. Probleme m\u00fcssen offen angesprochen werden, damit praktikable L\u00f6sungen gefunden werden k\u00f6nnen. Das Versagen der Ramelow-Regierung in der Migrationspolitik ist offensichtlich. Vor diesem Hintergrund stellen sich elementare Fragen nach dem \u201aWie weiter?\u2018\u201c<\/p>\n<p>Auf der Tagesordnung des Landtags steht unter anderem ein Antrag der FDP zur Migrationspolitik (Drucksache 7\/8931). Er zielt darauf ab, das Fl\u00fcchtlingsmanagement innerhalb der Landesregierung neu zu ordnen. Die Zust\u00e4ndigkeit soll aus fachlichen sowie politischen Gr\u00fcnden wieder im Innenministerium geb\u00fcndelt werden.<\/p>\n<\/div>\n","protected":false},"excerpt":{"rendered":"<p>Regierungserkl\u00e4rung zur Migration ist \u00fcberf\u00e4llig \/ Auch die CDU unterst\u00fctzt diese FDP-Forderung Noch immer steht die Zusage des Th\u00fcringer Ministerpr\u00e4sidenten aus, in dieser Woche eine Regierungserkl\u00e4rung zur Fl\u00fcchtlingspolitik abzugeben. Die [&#8230;]<\/p>\n","protected":false},"author":1,"featured_media":1115,"comment_status":"open","ping_status":"closed","sticky":false,"template":"","format":"standard","meta":{"footnotes":""},"categories":[5],"tags":[669,271],"class_list":["post-13815","post","type-post","status-publish","format-standard","has-post-thumbnail","hentry","category-aussenpolitik","tag-fdp-thueringen","tag-thomas-kemmerich"],"_links":{"self":[{"href":"https:\/\/fdp-aktiv.de\/blog\/wp-json\/wp\/v2\/posts\/13815","targetHints":{"allow":["GET"]}}],"collection":[{"href":"https:\/\/fdp-aktiv.de\/blog\/wp-json\/wp\/v2\/posts"}],"about":[{"href":"https:\/\/fdp-aktiv.de\/blog\/wp-json\/wp\/v2\/types\/post"}],"author":[{"embeddable":true,"href":"https:\/\/fdp-aktiv.de\/blog\/wp-json\/wp\/v2\/users\/1"}],"replies":[{"embeddable":true,"href":"https:\/\/fdp-aktiv.de\/blog\/wp-json\/wp\/v2\/comments?post=13815"}],"version-history":[{"count":1,"href":"https:\/\/fdp-aktiv.de\/blog\/wp-json\/wp\/v2\/posts\/13815\/revisions"}],"predecessor-version":[{"id":13816,"href":"https:\/\/fdp-aktiv.de\/blog\/wp-json\/wp\/v2\/posts\/13815\/revisions\/13816"}],"wp:featuredmedia":[{"embeddable":true,"href":"https:\/\/fdp-aktiv.de\/blog\/wp-json\/wp\/v2\/media\/1115"}],"wp:attachment":[{"href":"https:\/\/fdp-aktiv.de\/blog\/wp-json\/wp\/v2\/media?parent=13815"}],"wp:term":[{"taxonomy":"category","embeddable":true,"href":"https:\/\/fdp-aktiv.de\/blog\/wp-json\/wp\/v2\/categories?post=13815"},{"taxonomy":"post_tag","embeddable":true,"href":"https:\/\/fdp-aktiv.de\/blog\/wp-json\/wp\/v2\/tags?post=13815"}],"curies":[{"name":"wp","href":"https:\/\/api.w.org\/{rel}","templated":true}]}}