{"id":13840,"date":"2023-11-03T09:47:28","date_gmt":"2023-11-03T08:47:28","guid":{"rendered":"https:\/\/fdp-aktiv.de\/blog\/?p=13840"},"modified":"2023-11-03T09:47:28","modified_gmt":"2023-11-03T08:47:28","slug":"fdp-saar-kritisiert-erneute-beitragserhoehung-fuer-gesetzliche-krankenversicherung","status":"publish","type":"post","link":"https:\/\/fdp-aktiv.de\/blog\/2023\/11\/03\/fdp-saar-kritisiert-erneute-beitragserhoehung-fuer-gesetzliche-krankenversicherung\/","title":{"rendered":"FDP Saar kritisiert erneute Beitragserh\u00f6hung f\u00fcr gesetzliche Krankenversicherung"},"content":{"rendered":"<div class=\"clearfix text-formatted field field--name-field-body field--type-text-long field--label-hidden field__item\">\n<p>Die FDP Saar lehnt die Erh\u00f6hung des durchschnittlichen Zusatzbeitrags f\u00fcr die gesetzliche Krankenversicherung (GKV) um 0,1 Prozentpunkt auf 1,7 Prozent f\u00fcr das kommende Jahr ab. Die Entscheidung von Bundesgesundheitsminister Karl Lauterbach (SPD) sei ein Schlag ins Gesicht der Beitragszahler und der Arbeitgeber, die sich auf weiter steigende Belastungen einstellen m\u00fcssten.<\/p>\n<p>Die FDP Saar fordert eine grundlegende Reform der Finanzierung der GKV, um die Einnahmen zu stabilisieren und die Ausgaben zu begrenzen. Die Erh\u00f6hung des Zusatzbeitrags sei nur ein Symptom f\u00fcr die strukturellen Probleme der GKV, die durch die Corona-Pandemie und die steigenden Gesundheitskosten versch\u00e4rft w\u00fcrden.<\/p>\n<p>Die FDP Saar spricht sich f\u00fcr mehr Wettbewerb, Transparenz und Wahlfreiheit im Gesundheitssystem aus. Die Versicherten sollten selbst entscheiden k\u00f6nnen, welche Leistungen sie in Anspruch nehmen wollen und welche Kasse ihnen das beste Angebot macht. Die Kassen sollten mehr Spielraum haben, um innovative Versorgungsmodelle anzubieten und Kosten zu senken.<\/p>\n<p>Die FDP Saar warnt vor den Folgen der hohen Sozialabgaben f\u00fcr die Wirtschaft und den Arbeitsmarkt. Die Gesamtbelastung f\u00fcr kinderlose Arbeitnehmer liege im kommenden Jahr bei 41,5 Prozent. Die lange geltende Grenze von 40 Prozent sei damit deutlich \u00fcberschritten. Auch der Pflegebeitrag sei auf ein Rekordhoch angehoben worden.<\/p>\n<p>Die FDP Saar appelliert an die Bundesregierung, die Beitragszahler nicht \u00fcber Geb\u00fchr zu belasten und die Leistungsf\u00e4higkeit und Qualit\u00e4t des Gesundheitssystems zu verbessern. Die geplante Reform der Krankenhausversorgung von Lauterbach sei nicht ausreichend und m\u00fcsse mit einer dringend notwendigen Reform der ambulanten Versorgung erg\u00e4nzt werden.<\/p>\n<\/div>\n","protected":false},"excerpt":{"rendered":"<p>Die FDP Saar lehnt die Erh\u00f6hung des durchschnittlichen Zusatzbeitrags f\u00fcr die gesetzliche Krankenversicherung (GKV) um 0,1 Prozentpunkt auf 1,7 Prozent f\u00fcr das kommende Jahr ab. Die Entscheidung von Bundesgesundheitsminister Karl [&#8230;]<\/p>\n","protected":false},"author":1,"featured_media":0,"comment_status":"open","ping_status":"closed","sticky":false,"template":"","format":"standard","meta":{"footnotes":""},"categories":[123],"tags":[708,2559,3889],"class_list":["post-13840","post","type-post","status-publish","format-standard","hentry","category-gesundheit","tag-fdp-saar","tag-gkv","tag-krankenbersicherung"],"_links":{"self":[{"href":"https:\/\/fdp-aktiv.de\/blog\/wp-json\/wp\/v2\/posts\/13840","targetHints":{"allow":["GET"]}}],"collection":[{"href":"https:\/\/fdp-aktiv.de\/blog\/wp-json\/wp\/v2\/posts"}],"about":[{"href":"https:\/\/fdp-aktiv.de\/blog\/wp-json\/wp\/v2\/types\/post"}],"author":[{"embeddable":true,"href":"https:\/\/fdp-aktiv.de\/blog\/wp-json\/wp\/v2\/users\/1"}],"replies":[{"embeddable":true,"href":"https:\/\/fdp-aktiv.de\/blog\/wp-json\/wp\/v2\/comments?post=13840"}],"version-history":[{"count":1,"href":"https:\/\/fdp-aktiv.de\/blog\/wp-json\/wp\/v2\/posts\/13840\/revisions"}],"predecessor-version":[{"id":13841,"href":"https:\/\/fdp-aktiv.de\/blog\/wp-json\/wp\/v2\/posts\/13840\/revisions\/13841"}],"wp:attachment":[{"href":"https:\/\/fdp-aktiv.de\/blog\/wp-json\/wp\/v2\/media?parent=13840"}],"wp:term":[{"taxonomy":"category","embeddable":true,"href":"https:\/\/fdp-aktiv.de\/blog\/wp-json\/wp\/v2\/categories?post=13840"},{"taxonomy":"post_tag","embeddable":true,"href":"https:\/\/fdp-aktiv.de\/blog\/wp-json\/wp\/v2\/tags?post=13840"}],"curies":[{"name":"wp","href":"https:\/\/api.w.org\/{rel}","templated":true}]}}