{"id":13856,"date":"2023-11-05T19:19:38","date_gmt":"2023-11-05T18:19:38","guid":{"rendered":"https:\/\/fdp-aktiv.de\/blog\/?p=13856"},"modified":"2023-11-05T19:19:38","modified_gmt":"2023-11-05T18:19:38","slug":"eine-starke-wirtschaft-fuer-ein-starkes-sachsen-fdp-landesparteitag-beschliesst-leitantrag-mit-grosser-mehrheit","status":"publish","type":"post","link":"https:\/\/fdp-aktiv.de\/blog\/2023\/11\/05\/eine-starke-wirtschaft-fuer-ein-starkes-sachsen-fdp-landesparteitag-beschliesst-leitantrag-mit-grosser-mehrheit\/","title":{"rendered":"\u201cEine starke Wirtschaft f\u00fcr ein starkes Sachsen\u201d &#8211; FDP-Landesparteitag beschlie\u00dft Leitantrag mit gro\u00dfer Mehrheit"},"content":{"rendered":"<div class=\"clearfix text-formatted field field--name-field-body field--type-text-long field--label-hidden field__item\">\n<p>(Dresden, 04.11.2023)\u00a0Mit \u00fcberw\u00e4ltigender Mehrheit haben die Delegierten des 57. Landesparteitags der s\u00e4chsischen FDP in D\u00f6beln den Leitantrag \u201cEine starke Wirtschaft f\u00fcr ein starkes Sachsen\u201d beschlossen. Mit dem Antrag setzen die Freien Demokraten mutige Akzente f\u00fcr Auswege aus dem wirtschaftlichen Stillstand der Kenia-Koalition.<\/p>\n<p>\u201cWir haben in Sachsen einen Wirtschaftsminister, der anscheinend vergessen hat, dass Wirtschaft Teil seines Ressorts ist. Es ist beispielsweise bezeichnend, wenn die Staatskanzlei die Themen Wirtschaft und Ansiedlungen jetzt zur Chefsache machen musste\u201d, sagte Thomas Kunz, stellvertretender Landesvorsitzender der FDP Sachsen. \u201cMit der FDP muss zur Landtagswahl wieder eine Partei in das s\u00e4chsische Parlament einziehen, die die wirtschaftliche Entwicklung zum Kernthema der Landespolitik macht.\u201d<\/p>\n<p>Der Leitantrag der FDP Sachsen sieht eine Vielzahl von Verbesserungen vor, die die Rahmenbedingungen f\u00fcr Unternehmen im Freistaat vereinfachen sollen. Das beginnt bereits in den staatlichen Schulen, wo Wirtschaft als Unterrichtsprinzip etabliert wird. Dem war eine konstruktive Debatte um \u00c4nderungen vorausgegangen, so zum Beispiel \u00fcber die kostenlose Meisterausbildung. Die Freien Demokraten setzen sich daf\u00fcr ein, Master und Meister auch finanziell anzugleichen und damit die Meisterausbildung in Sachsen zu st\u00e4rken.<\/p>\n<p>\u201cWir setzen uns zudem f\u00fcr ein Unternehmerbild ein, in dem Unternehmer nicht als Gegner der Gesellschaft gesehen werden, sondern als diejenigen, die mit eigener Verantwortung Arbeitspl\u00e4tze schaffen und die Entwicklung unseres Freistaates vorantreiben\u201d, sagte Thomas Kunz. Sachsen muss zum Musterland f\u00fcr Startups werden. \u201cNirgendwo darf es einfacher als in Sachsen sein, mit einer innovativen Idee erfolgreich zu sein\u201d, so Kunz abschlie\u00dfend.<\/p>\n<p>Als weitere Antr\u00e4ge beschlossen die Delegierten:<\/p>\n<ul>\n<li>Reduzierter Mehrwertsteuersatz f\u00fcr Schulessen<\/li>\n<li>Wohneigentum attraktiver machen<\/li>\n<\/ul>\n<p>Die Landesvorstandswahlen wurde mit den Abstimmung \u00fcber die 13 Beisitzer abgeschlossen. Gew\u00e4hlt wurden:<\/p>\n<ul>\n<li>Hai Bui, Kreisverband Chemnitz,<\/li>\n<li>Jeremy Zieron, Kreisverband Vogtland<\/li>\n<li>Marko Beger, Kreisverband Dresden<\/li>\n<li>Benjamin Lange, Kreisverband Bautzen<\/li>\n<li>Stephan Mielsch, Kreisverband Leipzig Land<\/li>\n<li>Katrin M\u00fcnch, Kreisverband Mittelsachsen<\/li>\n<li>Cornelia Knauth, Kreisverband S\u00e4chsische Schweiz-Osterzgebirge<\/li>\n<li>Juliane Steinm\u00fcller, Kreisverband Leipzig<\/li>\n<li>Philipp Jungh\u00e4hnel, Kreisverband S\u00e4chsische Schweiz-Osterzgebirge<\/li>\n<li>Clemens Heydrich, Kreisverband Chemnitz<\/li>\n<li>Sven G\u00e4rtner, Kreisverband Dresden<\/li>\n<li>Toralf Einsle, Kreisverband G\u00f6rlitz<\/li>\n<li>Robert Hesse, Kreisverband Leipzig<\/li>\n<\/ul>\n<\/div>\n","protected":false},"excerpt":{"rendered":"<p>(Dresden, 04.11.2023)\u00a0Mit \u00fcberw\u00e4ltigender Mehrheit haben die Delegierten des 57. Landesparteitags der s\u00e4chsischen FDP in D\u00f6beln den Leitantrag \u201cEine starke Wirtschaft f\u00fcr ein starkes Sachsen\u201d beschlossen. Mit dem Antrag setzen die [&#8230;]<\/p>\n","protected":false},"author":1,"featured_media":9228,"comment_status":"open","ping_status":"closed","sticky":false,"template":"","format":"standard","meta":{"footnotes":""},"categories":[1],"tags":[1664,1563,3036],"class_list":["post-13856","post","type-post","status-publish","format-standard","has-post-thumbnail","hentry","category-uncategorized","tag-fdp-sachsen","tag-landesparteitag","tag-thomas-kunz"],"_links":{"self":[{"href":"https:\/\/fdp-aktiv.de\/blog\/wp-json\/wp\/v2\/posts\/13856","targetHints":{"allow":["GET"]}}],"collection":[{"href":"https:\/\/fdp-aktiv.de\/blog\/wp-json\/wp\/v2\/posts"}],"about":[{"href":"https:\/\/fdp-aktiv.de\/blog\/wp-json\/wp\/v2\/types\/post"}],"author":[{"embeddable":true,"href":"https:\/\/fdp-aktiv.de\/blog\/wp-json\/wp\/v2\/users\/1"}],"replies":[{"embeddable":true,"href":"https:\/\/fdp-aktiv.de\/blog\/wp-json\/wp\/v2\/comments?post=13856"}],"version-history":[{"count":1,"href":"https:\/\/fdp-aktiv.de\/blog\/wp-json\/wp\/v2\/posts\/13856\/revisions"}],"predecessor-version":[{"id":13857,"href":"https:\/\/fdp-aktiv.de\/blog\/wp-json\/wp\/v2\/posts\/13856\/revisions\/13857"}],"wp:featuredmedia":[{"embeddable":true,"href":"https:\/\/fdp-aktiv.de\/blog\/wp-json\/wp\/v2\/media\/9228"}],"wp:attachment":[{"href":"https:\/\/fdp-aktiv.de\/blog\/wp-json\/wp\/v2\/media?parent=13856"}],"wp:term":[{"taxonomy":"category","embeddable":true,"href":"https:\/\/fdp-aktiv.de\/blog\/wp-json\/wp\/v2\/categories?post=13856"},{"taxonomy":"post_tag","embeddable":true,"href":"https:\/\/fdp-aktiv.de\/blog\/wp-json\/wp\/v2\/tags?post=13856"}],"curies":[{"name":"wp","href":"https:\/\/api.w.org\/{rel}","templated":true}]}}