{"id":13884,"date":"2023-11-08T10:29:50","date_gmt":"2023-11-08T09:29:50","guid":{"rendered":"https:\/\/fdp-aktiv.de\/blog\/?p=13884"},"modified":"2023-11-08T10:29:50","modified_gmt":"2023-11-08T09:29:50","slug":"sachsen-anhalt-silbersack-neue-realpolitik-bei-der-migration-hilft-auch-kommunen-in-sachsen-anhalt","status":"publish","type":"post","link":"https:\/\/fdp-aktiv.de\/blog\/2023\/11\/08\/sachsen-anhalt-silbersack-neue-realpolitik-bei-der-migration-hilft-auch-kommunen-in-sachsen-anhalt\/","title":{"rendered":"Sachsen-Anhalt &#8211; Silbersack: Neue Realpolitik bei der Migration hilft auch Kommunen in Sachsen-Anhalt"},"content":{"rendered":"<p>Sachsen-Anhalt FDP-Fraktionschef Andreas Silbersack hat die Beschl\u00fcsse der Ministerpr\u00e4sidentenkonferenz (MPK) zur Asylpolitik begr\u00fc\u00dft. Silbersack sagte am Dienstag in Magdeburg:<\/p>\n<p>\u00bbDie Beschl\u00fcsse der Ministerpr\u00e4sidentenkonferenz (MPK) sind ein wichtiger Schritt f\u00fcr die dringende Asylwende. Mit mehreren Forderungen hat sich die FDP in den Verhandlungen durchgesetzt, um irregul\u00e4re Migration zur\u00fcckzudr\u00e4ngen und Anreize zu nehmen.\u00a0Mit\u00a0Bezahlkarten\u00a0werden Bargeldzahlungen beendet. Sie sind bisher ein Pull-Faktor zur Einwanderung in die Sozialsysteme. Die Umstellung muss\u00a0schnellstm\u00f6glich\u00a0auch bei uns in Sachsen-Anhalt erfolgen. Hier gilt es, gemeinsam mit den Kommunen ein einfaches System zu schaffen. Wir wollen B\u00fcrokratie und Kosten vor Ort senken.<\/p>\n<p>Zugleich wird die K\u00fcrzung von Sozialleistungen f\u00fcr Asylsuchende auch die Kosten f\u00fcr Sachsen-Anhalt und seine Gemeinden reduzieren. Das senkt die Anziehungskraft des deutschen Sozialstaats. Ich freue mich, dass hier insbesondere die Vorschl\u00e4ge der FDP-Minister Christian Lindner und Marco Buschmann zum Tragen kommen.\u00a0Die angestrebte Durchf\u00fchrung von Asylverfahren in Drittstaaten spricht ebenfalls f\u00fcr eine neue Realpolitik bei der Migration, die wir als FDP-Fraktion in Sachsen-Anhalt ausdr\u00fccklich begr\u00fc\u00dfen.<\/p>\n<p>Die rechtlichen Voraussetzungen f\u00fcr konsequente Abschiebungen wurden durch den Bund bereits gest\u00e4rkt. Sachsen-Anhalt ist gefordert, Abschiebungen entschlossen durchzuf\u00fchren und geltendes Recht durchzusetzen. Das gilt ganz besonders f\u00fcr Straft\u00e4ter. Wer kein Recht hat, in Deutschland zu bleiben, muss unser Land verlassen.\u00ab<\/p>\n","protected":false},"excerpt":{"rendered":"<p>Sachsen-Anhalt FDP-Fraktionschef Andreas Silbersack hat die Beschl\u00fcsse der Ministerpr\u00e4sidentenkonferenz (MPK) zur Asylpolitik begr\u00fc\u00dft. Silbersack sagte am Dienstag in Magdeburg: \u00bbDie Beschl\u00fcsse der Ministerpr\u00e4sidentenkonferenz (MPK) sind ein wichtiger Schritt f\u00fcr die [&#8230;]<\/p>\n","protected":false},"author":1,"featured_media":12163,"comment_status":"open","ping_status":"closed","sticky":false,"template":"","format":"standard","meta":{"footnotes":""},"categories":[5],"tags":[1706,857,693],"class_list":["post-13884","post","type-post","status-publish","format-standard","has-post-thumbnail","hentry","category-aussenpolitik","tag-andreas-silbersack","tag-fdp-lsa","tag-migration"],"_links":{"self":[{"href":"https:\/\/fdp-aktiv.de\/blog\/wp-json\/wp\/v2\/posts\/13884","targetHints":{"allow":["GET"]}}],"collection":[{"href":"https:\/\/fdp-aktiv.de\/blog\/wp-json\/wp\/v2\/posts"}],"about":[{"href":"https:\/\/fdp-aktiv.de\/blog\/wp-json\/wp\/v2\/types\/post"}],"author":[{"embeddable":true,"href":"https:\/\/fdp-aktiv.de\/blog\/wp-json\/wp\/v2\/users\/1"}],"replies":[{"embeddable":true,"href":"https:\/\/fdp-aktiv.de\/blog\/wp-json\/wp\/v2\/comments?post=13884"}],"version-history":[{"count":2,"href":"https:\/\/fdp-aktiv.de\/blog\/wp-json\/wp\/v2\/posts\/13884\/revisions"}],"predecessor-version":[{"id":13886,"href":"https:\/\/fdp-aktiv.de\/blog\/wp-json\/wp\/v2\/posts\/13884\/revisions\/13886"}],"wp:featuredmedia":[{"embeddable":true,"href":"https:\/\/fdp-aktiv.de\/blog\/wp-json\/wp\/v2\/media\/12163"}],"wp:attachment":[{"href":"https:\/\/fdp-aktiv.de\/blog\/wp-json\/wp\/v2\/media?parent=13884"}],"wp:term":[{"taxonomy":"category","embeddable":true,"href":"https:\/\/fdp-aktiv.de\/blog\/wp-json\/wp\/v2\/categories?post=13884"},{"taxonomy":"post_tag","embeddable":true,"href":"https:\/\/fdp-aktiv.de\/blog\/wp-json\/wp\/v2\/tags?post=13884"}],"curies":[{"name":"wp","href":"https:\/\/api.w.org\/{rel}","templated":true}]}}