{"id":13945,"date":"2023-11-16T18:05:24","date_gmt":"2023-11-16T17:05:24","guid":{"rendered":"https:\/\/fdp-aktiv.de\/blog\/?p=13945"},"modified":"2023-11-16T18:14:04","modified_gmt":"2023-11-16T17:14:04","slug":"baden-wuertemberg-jung-ewaybw-bleibt-pannenserie-treu","status":"publish","type":"post","link":"https:\/\/fdp-aktiv.de\/blog\/2023\/11\/16\/baden-wuertemberg-jung-ewaybw-bleibt-pannenserie-treu\/","title":{"rendered":"Baden-W\u00fcrtemberg &#8211; Jung: EWayBW bleibt Pannenserie treu"},"content":{"rendered":"<p>Ausf\u00e4lle bei so teurem Projekt h\u00e4tten proaktiv kommuniziert werden m\u00fcssen.<\/p>\n<p>Es wird aktuell berichtet, dass sich der geplante Einsatz eines Brennstoffzellen-LKWs auf der Pilotstrecke \u201eeWayBW\u201c weiter verz\u00f6gere und auf den Einsatz eines Biogas-LKWs verzichtet werden soll. Dazu sagte der verkehrspolitische Sprecher der FDP\/DVP-Fraktion, <strong> Dr. Christian Jung<\/strong>:<\/p>\n<p>\u201eLandesverkehrsminister Winfried Hermann hat die Landtagsabgeordneten nicht \u00fcber die Probleme beim eWayBW-Technologievergleich informiert. Leider mussten wir dies am 15. November 2023 aus der aktuellen Berichterstattung des Badischen Tagblatts \/ BNN erfahren. Das ist ein weiterer R\u00fcckschlag f\u00fcr das umstrittene 28-Millionen-Euro-Projekt im Murgtal auf der Bundesstra\u00dfe B462 bei Gaggenau. Die FDP und ich haben den Lkw-Oberleitungs-Versuch immer abgelehnt. Die aktuellen Probleme werde ich nun in einer parlamentarischen Anfrage thematisieren. Es ist nicht hinnehmbar, dass bei einem so teuren Projekt das Ministerium den Landtag nicht unmittelbar \u00fcber Probleme informiert. Diese Arbeitsweise des Ministers ist inakzeptabel. Au\u00dferdem will ich nun genau wissen, wie und wann die Lkw-Oberleitungs-Strecke im 4. Quartal 2024 abgebaut wird.\u201c<\/p>\n<p>&nbsp;<\/p>\n","protected":false},"excerpt":{"rendered":"<p>Ausf\u00e4lle bei so teurem Projekt h\u00e4tten proaktiv kommuniziert werden m\u00fcssen. Es wird aktuell berichtet, dass sich der geplante Einsatz eines Brennstoffzellen-LKWs auf der Pilotstrecke \u201eeWayBW\u201c weiter verz\u00f6gere und auf den [&#8230;]<\/p>\n","protected":false},"author":1,"featured_media":1590,"comment_status":"open","ping_status":"closed","sticky":false,"template":"","format":"standard","meta":{"footnotes":""},"categories":[8],"tags":[874,650],"class_list":["post-13945","post","type-post","status-publish","format-standard","has-post-thumbnail","hentry","category-wirtschaft","tag-dr-christian-jung","tag-fdp-dvp"],"_links":{"self":[{"href":"https:\/\/fdp-aktiv.de\/blog\/wp-json\/wp\/v2\/posts\/13945","targetHints":{"allow":["GET"]}}],"collection":[{"href":"https:\/\/fdp-aktiv.de\/blog\/wp-json\/wp\/v2\/posts"}],"about":[{"href":"https:\/\/fdp-aktiv.de\/blog\/wp-json\/wp\/v2\/types\/post"}],"author":[{"embeddable":true,"href":"https:\/\/fdp-aktiv.de\/blog\/wp-json\/wp\/v2\/users\/1"}],"replies":[{"embeddable":true,"href":"https:\/\/fdp-aktiv.de\/blog\/wp-json\/wp\/v2\/comments?post=13945"}],"version-history":[{"count":1,"href":"https:\/\/fdp-aktiv.de\/blog\/wp-json\/wp\/v2\/posts\/13945\/revisions"}],"predecessor-version":[{"id":13946,"href":"https:\/\/fdp-aktiv.de\/blog\/wp-json\/wp\/v2\/posts\/13945\/revisions\/13946"}],"wp:featuredmedia":[{"embeddable":true,"href":"https:\/\/fdp-aktiv.de\/blog\/wp-json\/wp\/v2\/media\/1590"}],"wp:attachment":[{"href":"https:\/\/fdp-aktiv.de\/blog\/wp-json\/wp\/v2\/media?parent=13945"}],"wp:term":[{"taxonomy":"category","embeddable":true,"href":"https:\/\/fdp-aktiv.de\/blog\/wp-json\/wp\/v2\/categories?post=13945"},{"taxonomy":"post_tag","embeddable":true,"href":"https:\/\/fdp-aktiv.de\/blog\/wp-json\/wp\/v2\/tags?post=13945"}],"curies":[{"name":"wp","href":"https:\/\/api.w.org\/{rel}","templated":true}]}}