{"id":13970,"date":"2023-11-21T05:22:57","date_gmt":"2023-11-21T04:22:57","guid":{"rendered":"https:\/\/fdp-aktiv.de\/blog\/?p=13970"},"modified":"2023-11-21T05:22:57","modified_gmt":"2023-11-21T04:22:57","slug":"baden-wuerttemberg-ruelke-politik-sollte-beim-sparen-bei-sich-selbst-anfangen","status":"publish","type":"post","link":"https:\/\/fdp-aktiv.de\/blog\/2023\/11\/21\/baden-wuerttemberg-ruelke-politik-sollte-beim-sparen-bei-sich-selbst-anfangen\/","title":{"rendered":"Baden-W\u00fcrttemberg &#8211; R\u00fclke: Politik sollte beim Sparen bei sich selbst anfangen"},"content":{"rendered":"<p>Notwendige Anzahl Unterschriften eingereicht<\/p>\n<p>Heute \u00fcberreichten die Spitzen der FDP-Baden-W\u00fcrttemberg beim zust\u00e4ndigen Innenministerium die notwendige Anzahl an Unterschriften zum Start eines Volksbegehrens &#8220;XXL-Landtag verhindern&#8221;.<\/p>\n<p>Das Ministerium pr\u00fcft nun, ob das Volksbegehren zugelassen wird. Voraussetzung hierf\u00fcr ist ein Gesetzentwurf mit mindestens 10.000 rechtsg\u00fcltigen Unterst\u00fctzungsunterschriften von zur Landtagswahl wahlberechtigten Personen.<\/p>\n<p>Ausgangspunkt ist das neu beschlossene Landtagswahlrecht, mit dem eine weitere Aufbl\u00e4hung des Landesparlaments droht. Dem begegnete die FDP\/DVP-Fraktion im Landtag mit einem Gesetzesentwurf zur Reduzierung der Wahlkreise. Nach dessen Ablehnung griff die FDP Baden-W\u00fcrttemberg diesen im Rahmen ihrer Unterschriftensammlung auf.<\/p>\n<p>Der Gesetzentwurf sieht konkret eine Verringerung der Wahlkreise sowie der Direktmandate von 70 auf 38 vor, um die Wahrscheinlichkeit von \u00dcberhang- und Ausgleichsmandaten drastisch zu reduzieren.<\/p>\n<p>Der Vorsitzende der FDP\/DVP-Fraktion, <strong>Dr. Hans-Ulrich R\u00fclke<\/strong>:<\/p>\n<p>\u201eWir als Fraktion sind dankbar, dass die Partei sich unsere Initiative zu eigen gemacht hat. Wenn die Politik vom Sparen redet, so muss sie bei sich selbst anfangen.\u201c<\/p>\n<p>Das zugelassene Begehren selbst erfordert dann die Unterschrift von mindestens einem Zehntel der baden-w\u00fcrttembergischen Wahlberechtigen. Der Landtag muss dar\u00fcber abstimmen. Nimmt das Parlament daraufhin den Gesetzesentwurf nicht an, findet eine Volksabstimmung statt.<\/p>\n<p>&nbsp;<\/p>\n<p>&nbsp;<\/p>\n","protected":false},"excerpt":{"rendered":"<p>Notwendige Anzahl Unterschriften eingereicht Heute \u00fcberreichten die Spitzen der FDP-Baden-W\u00fcrttemberg beim zust\u00e4ndigen Innenministerium die notwendige Anzahl an Unterschriften zum Start eines Volksbegehrens &#8220;XXL-Landtag verhindern&#8221;. Das Ministerium pr\u00fcft nun, ob das [&#8230;]<\/p>\n","protected":false},"author":1,"featured_media":1526,"comment_status":"open","ping_status":"closed","sticky":false,"template":"","format":"standard","meta":{"footnotes":""},"categories":[6],"tags":[842,650,3900],"class_list":["post-13970","post","type-post","status-publish","format-standard","has-post-thumbnail","hentry","category-politik","tag-dr-hans-ulrich-ruelke","tag-fdp-dvp","tag-xxl-landtag"],"_links":{"self":[{"href":"https:\/\/fdp-aktiv.de\/blog\/wp-json\/wp\/v2\/posts\/13970","targetHints":{"allow":["GET"]}}],"collection":[{"href":"https:\/\/fdp-aktiv.de\/blog\/wp-json\/wp\/v2\/posts"}],"about":[{"href":"https:\/\/fdp-aktiv.de\/blog\/wp-json\/wp\/v2\/types\/post"}],"author":[{"embeddable":true,"href":"https:\/\/fdp-aktiv.de\/blog\/wp-json\/wp\/v2\/users\/1"}],"replies":[{"embeddable":true,"href":"https:\/\/fdp-aktiv.de\/blog\/wp-json\/wp\/v2\/comments?post=13970"}],"version-history":[{"count":1,"href":"https:\/\/fdp-aktiv.de\/blog\/wp-json\/wp\/v2\/posts\/13970\/revisions"}],"predecessor-version":[{"id":13972,"href":"https:\/\/fdp-aktiv.de\/blog\/wp-json\/wp\/v2\/posts\/13970\/revisions\/13972"}],"wp:featuredmedia":[{"embeddable":true,"href":"https:\/\/fdp-aktiv.de\/blog\/wp-json\/wp\/v2\/media\/1526"}],"wp:attachment":[{"href":"https:\/\/fdp-aktiv.de\/blog\/wp-json\/wp\/v2\/media?parent=13970"}],"wp:term":[{"taxonomy":"category","embeddable":true,"href":"https:\/\/fdp-aktiv.de\/blog\/wp-json\/wp\/v2\/categories?post=13970"},{"taxonomy":"post_tag","embeddable":true,"href":"https:\/\/fdp-aktiv.de\/blog\/wp-json\/wp\/v2\/tags?post=13970"}],"curies":[{"name":"wp","href":"https:\/\/api.w.org\/{rel}","templated":true}]}}