{"id":14016,"date":"2023-11-29T07:26:18","date_gmt":"2023-11-29T06:26:18","guid":{"rendered":"https:\/\/fdp-aktiv.de\/blog\/?p=14016"},"modified":"2023-11-29T07:26:18","modified_gmt":"2023-11-29T06:26:18","slug":"kern-frage-des-tragens-medizinischer-masken-an-schulen-haette-das-kultusministerium-proaktiv-klaeren-muessen","status":"publish","type":"post","link":"https:\/\/fdp-aktiv.de\/blog\/2023\/11\/29\/kern-frage-des-tragens-medizinischer-masken-an-schulen-haette-das-kultusministerium-proaktiv-klaeren-muessen\/","title":{"rendered":"Kern: Frage des Tragens medizinischer Masken an Schulen h\u00e4tte das Kultusministerium proaktiv kl\u00e4ren m\u00fcssen"},"content":{"rendered":"<p>Durch die Aussage des RP Karlsruhe entsteht in der Bev\u00f6lkerung der Eindruck, dass das Kultusministerium und Beh\u00f6rden nicht fr\u00fchzeitig miteinander kommunizieren<\/p>\n<p style=\"font-weight: 400;\">\n<p style=\"font-weight: 400;\">Zur Meldung, wonach sich das Kultusministerium und das Regierungspr\u00e4sidium Karlsruhe bez\u00fcglich des Tragens von medizinischen Masken an Schulen uneins sind, sagt der bildungspolitische Sprecher der FDP\/DVP-Fraktion,\u00a0<strong>Dr. Timm Kern<\/strong>:<\/p>\n<p style=\"font-weight: 400;\">\n<p style=\"font-weight: 400;\">\u201eIch teile die Auffassung des Kultusministeriums, dass das Tragen von medizinischen Masken selbstverst\u00e4ndlich erlaubt sein muss. Die Entscheidung hierzu trifft man schlie\u00dflich auch im schulischen Kontext nicht grundlos.<\/p>\n<p style=\"font-weight: 400;\">Angesichts der seit Wochen steigenden Corona-Infektionszahlen stellt sich jedoch die Frage, weshalb sich das gr\u00fcn gef\u00fchrte Kultusministerium beim Thema Tragen medizinischer Masken an Schulen nicht schon l\u00e4ngst mit zust\u00e4ndigen Beh\u00f6rden abgestimmt hatte.<\/p>\n<p style=\"font-weight: 400;\">Durch die widerspr\u00fcchlichen Aussagen des Kultusministeriums und des RP Karlsruhe entsteht in der Bev\u00f6lkerung der Eindruck, als w\u00fcrden Ministerium und Beh\u00f6rden nicht fr\u00fchzeitig miteinander kommunizieren.\u201c<\/p>\n","protected":false},"excerpt":{"rendered":"<p>Durch die Aussage des RP Karlsruhe entsteht in der Bev\u00f6lkerung der Eindruck, dass das Kultusministerium und Beh\u00f6rden nicht fr\u00fchzeitig miteinander kommunizieren Zur Meldung, wonach sich das Kultusministerium und das Regierungspr\u00e4sidium [&#8230;]<\/p>\n","protected":false},"author":1,"featured_media":4661,"comment_status":"open","ping_status":"closed","sticky":false,"template":"","format":"standard","meta":{"footnotes":""},"categories":[34,123],"tags":[870,650,1921],"class_list":["post-14016","post","type-post","status-publish","format-standard","has-post-thumbnail","hentry","category-bildung","category-gesundheit","tag-dr-timm-kern","tag-fdp-dvp","tag-maske"],"_links":{"self":[{"href":"https:\/\/fdp-aktiv.de\/blog\/wp-json\/wp\/v2\/posts\/14016","targetHints":{"allow":["GET"]}}],"collection":[{"href":"https:\/\/fdp-aktiv.de\/blog\/wp-json\/wp\/v2\/posts"}],"about":[{"href":"https:\/\/fdp-aktiv.de\/blog\/wp-json\/wp\/v2\/types\/post"}],"author":[{"embeddable":true,"href":"https:\/\/fdp-aktiv.de\/blog\/wp-json\/wp\/v2\/users\/1"}],"replies":[{"embeddable":true,"href":"https:\/\/fdp-aktiv.de\/blog\/wp-json\/wp\/v2\/comments?post=14016"}],"version-history":[{"count":1,"href":"https:\/\/fdp-aktiv.de\/blog\/wp-json\/wp\/v2\/posts\/14016\/revisions"}],"predecessor-version":[{"id":14017,"href":"https:\/\/fdp-aktiv.de\/blog\/wp-json\/wp\/v2\/posts\/14016\/revisions\/14017"}],"wp:featuredmedia":[{"embeddable":true,"href":"https:\/\/fdp-aktiv.de\/blog\/wp-json\/wp\/v2\/media\/4661"}],"wp:attachment":[{"href":"https:\/\/fdp-aktiv.de\/blog\/wp-json\/wp\/v2\/media?parent=14016"}],"wp:term":[{"taxonomy":"category","embeddable":true,"href":"https:\/\/fdp-aktiv.de\/blog\/wp-json\/wp\/v2\/categories?post=14016"},{"taxonomy":"post_tag","embeddable":true,"href":"https:\/\/fdp-aktiv.de\/blog\/wp-json\/wp\/v2\/tags?post=14016"}],"curies":[{"name":"wp","href":"https:\/\/api.w.org\/{rel}","templated":true}]}}