{"id":14175,"date":"2023-12-15T06:25:29","date_gmt":"2023-12-15T05:25:29","guid":{"rendered":"https:\/\/fdp-aktiv.de\/blog\/?p=14175"},"modified":"2023-12-15T06:25:29","modified_gmt":"2023-12-15T05:25:29","slug":"schleswig-holstein-oliver-kumbartzky-ein-guter-tag-fuer-die-weidetierhalter-im-land","status":"publish","type":"post","link":"https:\/\/fdp-aktiv.de\/blog\/2023\/12\/15\/schleswig-holstein-oliver-kumbartzky-ein-guter-tag-fuer-die-weidetierhalter-im-land\/","title":{"rendered":"Schleswig-Holstein &#8211; Oliver Kumbartzky: Ein guter Tag f\u00fcr die Weidetierhalter im Land"},"content":{"rendered":"<p>Zum im Landtag beschlossenen Landesjagdgesetz sagt der jagdpolitische Sprecher und Parlamentarische Gesch\u00e4ftsf\u00fchrer der FDP-Landtagsfraktion,<strong> Oliver Kumbartzky<\/strong>:<\/p>\n<p>\u201eDer Wolf wurde endlich ins Jagdrecht aufgenommen. Damit wurde ein erster, gro\u00dfer Schritt zu einem wirksamen Bestandsmanagement gemacht. Insofern ist das heute ein guter Tag f\u00fcr die Weidetierhalter im Land. Der n\u00e4chste Schritt muss nun aber zeitnah folgen mit der Feststellung des sogenannten \u201ag\u00fcnstigen Erhaltungszustandes\u2018 des Wolfes auf Bundes- und EU-Ebene.<\/p>\n<p>Das heute beschlossene novellierte Landesjagdgesetz beinhaltet zudem eine Vielzahl weiterer wichtiger und richtiger Regelungen, beispielsweise zu den Wolfshybriden, den Nurtrias und den Gruppenabschusspl\u00e4nen. Daher hat die FDP-Fraktion heute gerne zugestimmt und dankt noch einmal allen an der Erarbeitung der Novellierung Beteiligten.\u201c<\/p>\n","protected":false},"excerpt":{"rendered":"<p>Zum im Landtag beschlossenen Landesjagdgesetz sagt der jagdpolitische Sprecher und Parlamentarische Gesch\u00e4ftsf\u00fchrer der FDP-Landtagsfraktion, Oliver Kumbartzky: \u201eDer Wolf wurde endlich ins Jagdrecht aufgenommen. Damit wurde ein erster, gro\u00dfer Schritt zu [&#8230;]<\/p>\n","protected":false},"author":1,"featured_media":4746,"comment_status":"open","ping_status":"closed","sticky":false,"template":"","format":"standard","meta":{"footnotes":""},"categories":[410,249],"tags":[814,839,1771],"class_list":["post-14175","post","type-post","status-publish","format-standard","has-post-thumbnail","hentry","category-landwirtschaft","category-umwelt","tag-fdp-lsh","tag-oliver-kumbartzky","tag-wolf"],"_links":{"self":[{"href":"https:\/\/fdp-aktiv.de\/blog\/wp-json\/wp\/v2\/posts\/14175","targetHints":{"allow":["GET"]}}],"collection":[{"href":"https:\/\/fdp-aktiv.de\/blog\/wp-json\/wp\/v2\/posts"}],"about":[{"href":"https:\/\/fdp-aktiv.de\/blog\/wp-json\/wp\/v2\/types\/post"}],"author":[{"embeddable":true,"href":"https:\/\/fdp-aktiv.de\/blog\/wp-json\/wp\/v2\/users\/1"}],"replies":[{"embeddable":true,"href":"https:\/\/fdp-aktiv.de\/blog\/wp-json\/wp\/v2\/comments?post=14175"}],"version-history":[{"count":1,"href":"https:\/\/fdp-aktiv.de\/blog\/wp-json\/wp\/v2\/posts\/14175\/revisions"}],"predecessor-version":[{"id":14178,"href":"https:\/\/fdp-aktiv.de\/blog\/wp-json\/wp\/v2\/posts\/14175\/revisions\/14178"}],"wp:featuredmedia":[{"embeddable":true,"href":"https:\/\/fdp-aktiv.de\/blog\/wp-json\/wp\/v2\/media\/4746"}],"wp:attachment":[{"href":"https:\/\/fdp-aktiv.de\/blog\/wp-json\/wp\/v2\/media?parent=14175"}],"wp:term":[{"taxonomy":"category","embeddable":true,"href":"https:\/\/fdp-aktiv.de\/blog\/wp-json\/wp\/v2\/categories?post=14175"},{"taxonomy":"post_tag","embeddable":true,"href":"https:\/\/fdp-aktiv.de\/blog\/wp-json\/wp\/v2\/tags?post=14175"}],"curies":[{"name":"wp","href":"https:\/\/api.w.org\/{rel}","templated":true}]}}