{"id":14183,"date":"2023-12-16T08:08:29","date_gmt":"2023-12-16T07:08:29","guid":{"rendered":"https:\/\/fdp-aktiv.de\/blog\/?p=14183"},"modified":"2023-12-16T08:08:29","modified_gmt":"2023-12-16T07:08:29","slug":"landtag-diskutiert-ueber-wirtschaftsstandort-rheinland-pfalz-steven-wink-unser-land-spielt-weltweit-ganz-vorne-mit","status":"publish","type":"post","link":"https:\/\/fdp-aktiv.de\/blog\/2023\/12\/16\/landtag-diskutiert-ueber-wirtschaftsstandort-rheinland-pfalz-steven-wink-unser-land-spielt-weltweit-ganz-vorne-mit\/","title":{"rendered":"Landtag diskutiert \u00fcber Wirtschaftsstandort Rheinland-Pfalz  Steven Wink: Unser Land spielt weltweit ganz vorne mit"},"content":{"rendered":"<p>Mainz. Auf Antrag der FDP-Fraktion hat der rheinland-pf\u00e4lzische Landtag am heutigen Donnerstag \u00fcber die Leistungsf\u00e4higkeit des Wirtschaftsstandorts diskutiert. Ausgangspunkt der Debatte war die j\u00fcngst verk\u00fcndete Ansiedlung des US-Pharmaunternehmens Lilly in Alzey. Dazu sagt der wirtschaftspolitische Sprecher der FDP-Fraktion im Landtag Rheinland-Pfalz, Steven Wink:<\/p>\n<p>\u201eDer Standort Rheinland-Pfalz spielt international in der ersten Liga. Die Ansiedlung von Lilly in Alzey zeigt, dass die liberale Wirtschaftsministerin Daniela Schmitt auf einem richtig guten Weg ist. Wo die Freien Demokraten regieren, entstehen Wachstum und gut bezahlte Arbeitspl\u00e4tze. In anderen Bundesl\u00e4ndern werden Ansiedlungen mit teils zweistelligen Milliardensummen subventioniert. Nicht so bei uns. Das Land ist international attraktiv und leistungsf\u00e4hig.<\/p>\n<p>Die Entscheidung des Unternehmens, sich in Alzey anzusiedeln, ist kein Zufall. Sie ist das Ergebnis einer konsequenten <a href=\"https:\/\/fdp-aktiv.de\/blog\/2021\/01\/29\/fdp-forderung-wirtschaftspolitik\/\" data-internallinksmanager029f6b8e52c=\"10\" title=\"FDP Forderung Wirtschaftspolitik\" target=\"_blank\" rel=\"noopener\">Wirtschaftspolitik<\/a>. Gute Infrastruktur, gut ausgebildete Fachkr\u00e4fte und vor allem eine vorrausschauende Fl\u00e4chenplanung sorgen daf\u00fcr, dass Rheinland-Pfalz bei Firmen weltweit ganz weit oben auf der Liste m\u00f6glicher Standorte stehen. Gemeinsam mit unseren Koalitionspartnern haben wir in den vergangenen Jahren eine investitionsfreundliche Willkommenskultur f\u00fcr Kreativit\u00e4t, Unternehmertum und Innovation erschaffen.<\/p>\n<p>Klar ist: Wir werden uns auf den bisherigen Erfolgen nicht ausruhen. Die wirtschaftspolitischen Herausforderungen sind gro\u00df. Die Unternehmen sind auf g\u00fcnstige und saubere Energie angewiesen. Daher treiben wir den Ausbau der Erneuerbaren im Land massiv voran. Gleichzeitig muss das Land auch an die europ\u00e4ischen Wasserstoffpipelines angeschlossen werden. Sonne und Wind aus hiesiger Produktion alleine werden nicht ausreichen. Der Bau der Pipelines darf nicht an politischen Befindlichkeiten, \u00fcberlangen Planungsverfahren und den leider \u00fcblichen Klagen der \u00d6ko-Lobby scheitern.<\/p>\n<p>Vor allem die chemische und pharmazeutische Industrie ist f\u00fcr das Land besonders relevant. Umso wichtiger ist es, dass wir den weiter steigenden Fachkr\u00e4ftebedarf abdecken k\u00f6nnen. Dazu werden wir sehr genau schauen, ob die Kapazit\u00e4ten der pharmazeutischen und wissenschaftlichen Ausbildungen in Rheinland-Pfalz hier noch ausreichend sind.\u201c<\/p>\n","protected":false},"excerpt":{"rendered":"<p>Mainz. Auf Antrag der FDP-Fraktion hat der rheinland-pf\u00e4lzische Landtag am heutigen Donnerstag \u00fcber die Leistungsf\u00e4higkeit des Wirtschaftsstandorts diskutiert. Ausgangspunkt der Debatte war die j\u00fcngst verk\u00fcndete Ansiedlung des US-Pharmaunternehmens Lilly in [&#8230;]<\/p>\n","protected":false},"author":1,"featured_media":3981,"comment_status":"open","ping_status":"closed","sticky":false,"template":"","format":"standard","meta":{"footnotes":""},"categories":[173,8],"tags":[1379,1678],"class_list":["post-14183","post","type-post","status-publish","format-standard","has-post-thumbnail","hentry","category-podcast","category-wirtschaft","tag-fdp-rlp","tag-steven-wink"],"_links":{"self":[{"href":"https:\/\/fdp-aktiv.de\/blog\/wp-json\/wp\/v2\/posts\/14183","targetHints":{"allow":["GET"]}}],"collection":[{"href":"https:\/\/fdp-aktiv.de\/blog\/wp-json\/wp\/v2\/posts"}],"about":[{"href":"https:\/\/fdp-aktiv.de\/blog\/wp-json\/wp\/v2\/types\/post"}],"author":[{"embeddable":true,"href":"https:\/\/fdp-aktiv.de\/blog\/wp-json\/wp\/v2\/users\/1"}],"replies":[{"embeddable":true,"href":"https:\/\/fdp-aktiv.de\/blog\/wp-json\/wp\/v2\/comments?post=14183"}],"version-history":[{"count":1,"href":"https:\/\/fdp-aktiv.de\/blog\/wp-json\/wp\/v2\/posts\/14183\/revisions"}],"predecessor-version":[{"id":14187,"href":"https:\/\/fdp-aktiv.de\/blog\/wp-json\/wp\/v2\/posts\/14183\/revisions\/14187"}],"wp:featuredmedia":[{"embeddable":true,"href":"https:\/\/fdp-aktiv.de\/blog\/wp-json\/wp\/v2\/media\/3981"}],"wp:attachment":[{"href":"https:\/\/fdp-aktiv.de\/blog\/wp-json\/wp\/v2\/media?parent=14183"}],"wp:term":[{"taxonomy":"category","embeddable":true,"href":"https:\/\/fdp-aktiv.de\/blog\/wp-json\/wp\/v2\/categories?post=14183"},{"taxonomy":"post_tag","embeddable":true,"href":"https:\/\/fdp-aktiv.de\/blog\/wp-json\/wp\/v2\/tags?post=14183"}],"curies":[{"name":"wp","href":"https:\/\/api.w.org\/{rel}","templated":true}]}}