{"id":14184,"date":"2023-12-16T08:06:26","date_gmt":"2023-12-16T07:06:26","guid":{"rendered":"https:\/\/fdp-aktiv.de\/blog\/?p=14184"},"modified":"2023-12-16T08:06:26","modified_gmt":"2023-12-16T07:06:26","slug":"baden-wuerttemberg-ruelke-strikte-migrationspolitik-ist-das-gebot-der-stunde","status":"publish","type":"post","link":"https:\/\/fdp-aktiv.de\/blog\/2023\/12\/16\/baden-wuerttemberg-ruelke-strikte-migrationspolitik-ist-das-gebot-der-stunde\/","title":{"rendered":"Baden-W\u00fcrttemberg &#8211; R\u00fclke: Strikte Migrationspolitik ist das Gebot der Stunde"},"content":{"rendered":"<p>Wir m\u00fcssen Pull-Faktoren verringern, unsere Grenzen sch\u00fctzen und konsequent abschieben.<\/p>\n<p>Zu aktuellen Medienberichten, wonach nach der Einrichtung von Grenzkontrollen im Oktober im November nun die Zahl der Asylsuchenden im Land deutlich gesunken ist, \u00e4u\u00dfert sich der Fraktionsvorsitzende der FDP\/DVP-Fraktion, <strong>Dr. Hans-Ulrich R\u00fclke<\/strong>, wie folgt:<\/p>\n<p>\u201eEine strikte Migrationspolitik ist das Gebot der Stunde. Fluchtanreize m\u00fcssen gesenkt, eine Einwanderung in die Sozialsysteme muss verhindert werden. Wir m\u00fcssen Pull-Faktoren weiter verringern, unsere Grenzen effektiv sch\u00fctzen und jene ohne Bleibeperspektive konsequent abschieben. Nur so k\u00f6nnen wir Ordnung in das System bringen, die Zuwanderung wirksam begrenzen und die B\u00fcrgerinnen und B\u00fcrger entlasten.\u201c<\/p>\n<p>&nbsp;<\/p>\n","protected":false},"excerpt":{"rendered":"<p>Wir m\u00fcssen Pull-Faktoren verringern, unsere Grenzen sch\u00fctzen und konsequent abschieben. Zu aktuellen Medienberichten, wonach nach der Einrichtung von Grenzkontrollen im Oktober im November nun die Zahl der Asylsuchenden im Land [&#8230;]<\/p>\n","protected":false},"author":1,"featured_media":4320,"comment_status":"open","ping_status":"closed","sticky":false,"template":"","format":"standard","meta":{"footnotes":""},"categories":[5],"tags":[3741,842,650,693],"class_list":["post-14184","post","type-post","status-publish","format-standard","has-post-thumbnail","hentry","category-aussenpolitik","tag-abschiebung","tag-dr-hans-ulrich-ruelke","tag-fdp-dvp","tag-migration"],"_links":{"self":[{"href":"https:\/\/fdp-aktiv.de\/blog\/wp-json\/wp\/v2\/posts\/14184","targetHints":{"allow":["GET"]}}],"collection":[{"href":"https:\/\/fdp-aktiv.de\/blog\/wp-json\/wp\/v2\/posts"}],"about":[{"href":"https:\/\/fdp-aktiv.de\/blog\/wp-json\/wp\/v2\/types\/post"}],"author":[{"embeddable":true,"href":"https:\/\/fdp-aktiv.de\/blog\/wp-json\/wp\/v2\/users\/1"}],"replies":[{"embeddable":true,"href":"https:\/\/fdp-aktiv.de\/blog\/wp-json\/wp\/v2\/comments?post=14184"}],"version-history":[{"count":1,"href":"https:\/\/fdp-aktiv.de\/blog\/wp-json\/wp\/v2\/posts\/14184\/revisions"}],"predecessor-version":[{"id":14185,"href":"https:\/\/fdp-aktiv.de\/blog\/wp-json\/wp\/v2\/posts\/14184\/revisions\/14185"}],"wp:featuredmedia":[{"embeddable":true,"href":"https:\/\/fdp-aktiv.de\/blog\/wp-json\/wp\/v2\/media\/4320"}],"wp:attachment":[{"href":"https:\/\/fdp-aktiv.de\/blog\/wp-json\/wp\/v2\/media?parent=14184"}],"wp:term":[{"taxonomy":"category","embeddable":true,"href":"https:\/\/fdp-aktiv.de\/blog\/wp-json\/wp\/v2\/categories?post=14184"},{"taxonomy":"post_tag","embeddable":true,"href":"https:\/\/fdp-aktiv.de\/blog\/wp-json\/wp\/v2\/tags?post=14184"}],"curies":[{"name":"wp","href":"https:\/\/api.w.org\/{rel}","templated":true}]}}