{"id":14205,"date":"2023-12-18T13:46:39","date_gmt":"2023-12-18T12:46:39","guid":{"rendered":"https:\/\/fdp-aktiv.de\/blog\/?p=14205"},"modified":"2023-12-18T13:46:39","modified_gmt":"2023-12-18T12:46:39","slug":"alexander-buschner-zur-laufenden-digitalen-mitgliederbefragung","status":"publish","type":"post","link":"https:\/\/fdp-aktiv.de\/blog\/2023\/12\/18\/alexander-buschner-zur-laufenden-digitalen-mitgliederbefragung\/","title":{"rendered":"Alexander Buschner zur laufenden digitalen Mitgliederbefragung"},"content":{"rendered":"<p class=\"moz-quote-pre\">Bei der laufenden digitalen Mitgliederbefragung zur Aufl\u00f6sung der Ampel wirbt Alexander Buschner f\u00fcr die Abgabe von Ja-Stimmen. Bereits im September des vergangenen Jahres forderte er von Christian D\u00fcrr bei Bild die richtigen Fragen die Aufl\u00f6sung der Ampel. Seitdem hat sich die Lage noch dramatisch verschlechtert.<\/p>\n<p class=\"moz-quote-pre\">Dazu stellt er fest:\u201eIm internationalen Raum ist Deutschland der kranke Mann Europas. Unsere Wirtschaft ist am Ende. Die deindustrialisierende \u00f6kosozialistische Politik f\u00fchrt zu uns\u00e4glichem sozialen Leid. Was hat die FDP in der Regierung erreicht? Einrichtungsbezogene Impfpflicht, ein planwirtschaftliches Heizungsgesetz, ein an Absurdit\u00e4t nicht zu \u00fcbertreffendes Selbstbestimmungsgesetz, dramatische Steuererh\u00f6hungen unter dem Deckmantel des Klimaschutzes, Finanzierungstricks zur Einhaltung der Schuldenbremse auf dem Papier, und den ersten verfassungswidrigen Haushalt in der Geschichte der Bundesrepublik Deutschland. Wir gestalten in der Regierung nichts. Der Bundesvorstand klammert sich an seine \u00c4mter, w\u00e4hrend alle Prinzipien der FDP nach und nach verraten wurden. Beenden wir dieses Trauerspiel. Die B\u00fcrger vertrauen der Regierung schon lange nicht mehr. Wir sollten Verantwortung \u00fcbernehmen und dem W\u00e4hlerwillen folgen.\u201c<\/p>\n<p class=\"moz-quote-pre\">Die Mitglieder haben 14 Tage Zeit, um an der basisdemokratischen Befragung im Mitgliederportal der FDP teilzunehmen.<\/p>\n","protected":false},"excerpt":{"rendered":"<p>Bei der laufenden digitalen Mitgliederbefragung zur Aufl\u00f6sung der Ampel wirbt Alexander Buschner f\u00fcr die Abgabe von Ja-Stimmen. Bereits im September des vergangenen Jahres forderte er von Christian D\u00fcrr bei Bild [&#8230;]<\/p>\n","protected":false},"author":1,"featured_media":3808,"comment_status":"open","ping_status":"closed","sticky":false,"template":"","format":"standard","meta":{"footnotes":""},"categories":[6],"tags":[1797,3918],"class_list":["post-14205","post","type-post","status-publish","format-standard","has-post-thumbnail","hentry","category-politik","tag-alexander-buschner","tag-mitgliederbefragung"],"_links":{"self":[{"href":"https:\/\/fdp-aktiv.de\/blog\/wp-json\/wp\/v2\/posts\/14205","targetHints":{"allow":["GET"]}}],"collection":[{"href":"https:\/\/fdp-aktiv.de\/blog\/wp-json\/wp\/v2\/posts"}],"about":[{"href":"https:\/\/fdp-aktiv.de\/blog\/wp-json\/wp\/v2\/types\/post"}],"author":[{"embeddable":true,"href":"https:\/\/fdp-aktiv.de\/blog\/wp-json\/wp\/v2\/users\/1"}],"replies":[{"embeddable":true,"href":"https:\/\/fdp-aktiv.de\/blog\/wp-json\/wp\/v2\/comments?post=14205"}],"version-history":[{"count":1,"href":"https:\/\/fdp-aktiv.de\/blog\/wp-json\/wp\/v2\/posts\/14205\/revisions"}],"predecessor-version":[{"id":14206,"href":"https:\/\/fdp-aktiv.de\/blog\/wp-json\/wp\/v2\/posts\/14205\/revisions\/14206"}],"wp:featuredmedia":[{"embeddable":true,"href":"https:\/\/fdp-aktiv.de\/blog\/wp-json\/wp\/v2\/media\/3808"}],"wp:attachment":[{"href":"https:\/\/fdp-aktiv.de\/blog\/wp-json\/wp\/v2\/media?parent=14205"}],"wp:term":[{"taxonomy":"category","embeddable":true,"href":"https:\/\/fdp-aktiv.de\/blog\/wp-json\/wp\/v2\/categories?post=14205"},{"taxonomy":"post_tag","embeddable":true,"href":"https:\/\/fdp-aktiv.de\/blog\/wp-json\/wp\/v2\/tags?post=14205"}],"curies":[{"name":"wp","href":"https:\/\/api.w.org\/{rel}","templated":true}]}}