{"id":14207,"date":"2023-12-20T05:47:58","date_gmt":"2023-12-20T04:47:58","guid":{"rendered":"https:\/\/fdp-aktiv.de\/blog\/?p=14207"},"modified":"2023-12-20T05:47:58","modified_gmt":"2023-12-20T04:47:58","slug":"luksic-9-saarlaendische-kommunen-erhalten-foerderung-fuer-glasfaserausbau","status":"publish","type":"post","link":"https:\/\/fdp-aktiv.de\/blog\/2023\/12\/20\/luksic-9-saarlaendische-kommunen-erhalten-foerderung-fuer-glasfaserausbau\/","title":{"rendered":"Luksic: 9 saarl\u00e4ndische Kommunen erhalten F\u00f6rderung f\u00fcr Glasfaserausbau"},"content":{"rendered":"<div class=\"clearfix text-formatted field field--name-field-body field--type-text-long field--label-hidden field__item\">\n<p>Dank der Gigabit-Richtlinie des Bundes 2.0. flie\u00dfen zun\u00e4chst 27 Millionen Euro in neun Kommunen\u00a0im Saarland. Der saarl\u00e4ndische FDP-Bundestagsabgeordnete und parlamentarische Staatssekret\u00e4r beim Bundesminister f\u00fcr Digitales und Verkehr Oliver Luksic (MdB) \u00e4u\u00dfert sich hierzu w\u00f6rtlich:<\/p>\n<p>\u201eDas BMDV setzt mit dem F\u00f6rderprogramm Gigabit 2.0 gezielt dort an, wo der private Ausbau an seine Grenzen st\u00f6\u00dft. Das\u00a0aktuelle F\u00f6rderkonzept verbessert die Balance zwischen dem eigenwirtschaftlichen und dem gef\u00f6rderten Ausbau der\u00a0TK-Netze. Entscheidend ist, dass nicht die schnellsten, sondern die Projekte mit dem h\u00f6chsten F\u00f6rderbedarf priorisiert werden.<\/p>\n<p>Wir unterst\u00fctzen die Saar-Kommunen mit bis zu 70 Prozent F\u00f6rderung und bringen die digitale Anbindung voran, gerade im l\u00e4ndlichen Raum. Nohfelden, Nonnweiler, Gersheim, Mettlach, Blieskastel, Schmelz, Perl, Wallerfangen und Rehlingen-Siersburg haben heute ihre F\u00f6rderurkunden im Rathaus von Rehlingen-Siersburg erhalten.<\/p>\n<p>Der Gigabitausbau ist eine\u00a0gro\u00dfe Gemeinschaftsaufgabe. Daher freue ich mich, dass wir beim Thema Breitband zusammen mit dem Land und den Kommunen anpacken und\u00a0gemeinsam f\u00fcr digitalen Fortschritt\u00a0sorgen.\u201c<\/p>\n<\/div>\n","protected":false},"excerpt":{"rendered":"<p>Dank der Gigabit-Richtlinie des Bundes 2.0. flie\u00dfen zun\u00e4chst 27 Millionen Euro in neun Kommunen\u00a0im Saarland. Der saarl\u00e4ndische FDP-Bundestagsabgeordnete und parlamentarische Staatssekret\u00e4r beim Bundesminister f\u00fcr Digitales und Verkehr Oliver Luksic (MdB) [&#8230;]<\/p>\n","protected":false},"author":1,"featured_media":12812,"comment_status":"open","ping_status":"closed","sticky":false,"template":"","format":"standard","meta":{"footnotes":""},"categories":[68],"tags":[708,3919,956,762],"class_list":["post-14207","post","type-post","status-publish","format-standard","has-post-thumbnail","hentry","category-digital","tag-fdp-saar","tag-gigabit-2-0","tag-glasfaserausbau","tag-oliver-luksic"],"_links":{"self":[{"href":"https:\/\/fdp-aktiv.de\/blog\/wp-json\/wp\/v2\/posts\/14207","targetHints":{"allow":["GET"]}}],"collection":[{"href":"https:\/\/fdp-aktiv.de\/blog\/wp-json\/wp\/v2\/posts"}],"about":[{"href":"https:\/\/fdp-aktiv.de\/blog\/wp-json\/wp\/v2\/types\/post"}],"author":[{"embeddable":true,"href":"https:\/\/fdp-aktiv.de\/blog\/wp-json\/wp\/v2\/users\/1"}],"replies":[{"embeddable":true,"href":"https:\/\/fdp-aktiv.de\/blog\/wp-json\/wp\/v2\/comments?post=14207"}],"version-history":[{"count":1,"href":"https:\/\/fdp-aktiv.de\/blog\/wp-json\/wp\/v2\/posts\/14207\/revisions"}],"predecessor-version":[{"id":14212,"href":"https:\/\/fdp-aktiv.de\/blog\/wp-json\/wp\/v2\/posts\/14207\/revisions\/14212"}],"wp:featuredmedia":[{"embeddable":true,"href":"https:\/\/fdp-aktiv.de\/blog\/wp-json\/wp\/v2\/media\/12812"}],"wp:attachment":[{"href":"https:\/\/fdp-aktiv.de\/blog\/wp-json\/wp\/v2\/media?parent=14207"}],"wp:term":[{"taxonomy":"category","embeddable":true,"href":"https:\/\/fdp-aktiv.de\/blog\/wp-json\/wp\/v2\/categories?post=14207"},{"taxonomy":"post_tag","embeddable":true,"href":"https:\/\/fdp-aktiv.de\/blog\/wp-json\/wp\/v2\/tags?post=14207"}],"curies":[{"name":"wp","href":"https:\/\/api.w.org\/{rel}","templated":true}]}}