{"id":14235,"date":"2023-12-21T15:22:31","date_gmt":"2023-12-21T14:22:31","guid":{"rendered":"https:\/\/fdp-aktiv.de\/blog\/?p=14235"},"modified":"2023-12-21T15:22:32","modified_gmt":"2023-12-21T14:22:32","slug":"hamburg-jacobsen-klingbeil-spielt-doppeltes-spiel","status":"publish","type":"post","link":"https:\/\/fdp-aktiv.de\/blog\/2023\/12\/21\/hamburg-jacobsen-klingbeil-spielt-doppeltes-spiel\/","title":{"rendered":"Hamburg \u2013 Jacobsen: Klingbeil spielt doppeltes Spiel"},"content":{"rendered":"<div class=\"clearfix text-formatted field field--name-body field--type-text-with-summary field--label-hidden field__item\">\n<p><strong>Zur Debatte \u00fcber die Pendlerpauschale und das Aus f\u00fcr die schnelle Bahnstrecke\u00a0<\/strong><strong>Hamburg-Hannover erkl\u00e4rt die FDP-Landesvorsitzende Sonja Jacobsen:<\/strong><\/p>\n<p>\u201eDass sich ausgerechnet Lars Klingbeil als Robin Hood der Pendler inszeniert, ist\u00a0absurd. Der SPD-Vorsitzende spielt ein doppeltes Spiel. Wie kein anderer hat er\u00a0in seinem Heimatwahlkreis in der L\u00fcneburger Heide mit seiner SPD daf\u00fcr\u00a0gek\u00e4mpft, dass die schnelle Bahnstrecke Hamburg-Hannover verhindert wird. Nun\u00a0will er sich angeblich f\u00fcr die Menschen im l\u00e4ndlichen Raum einsetzen. Das ist\u00a0unglaubw\u00fcrdig, wenn er den Pendlern in der Heide dauerhaft den schnellen Weg per\u00a0Bahn von und nach Hamburg verweigert.<\/p>\n<p>Die SPD hat erst im September daf\u00fcr gesorgt, dass die Pl\u00e4ne f\u00fcr die moderne\u00a0schnelle Bahnverbindung zwischen Hamburg und Hannover aufs Abstellgleis gesetzt\u00a0wurden. Das ist in mehrfacher Hinsicht ein Problem. Die Strecke wird dringend\u00a0gebraucht, um den Bahnverkehr deutschlandweit zu verbessern und den\u00a0Deutschland-Takt zu erreichen.<\/p>\n<p>Aus Hamburger Sicht ist das Aus f\u00fcr die Bahnstrecke besonders schmerzhaft, denn\u00a0f\u00fcr die Waren, die sich bereits jetzt tagelang im Hafen stapeln, fehlen dann\u00a0auch in Zukunft erhebliche Kapazit\u00e4ten im G\u00fcterverkehr. W\u00e4re Lars Klingbeil\u00a0eine bessere Anbindung des l\u00e4ndlichen Raums wichtig, w\u00fcrde er jetzt den Weg\u00a0frei machen f\u00fcr die Neubaustrecke\u201c<\/p>\n<\/div>\n","protected":false},"excerpt":{"rendered":"<p>Zur Debatte \u00fcber die Pendlerpauschale und das Aus f\u00fcr die schnelle Bahnstrecke\u00a0Hamburg-Hannover erkl\u00e4rt die FDP-Landesvorsitzende Sonja Jacobsen: \u201eDass sich ausgerechnet Lars Klingbeil als Robin Hood der Pendler inszeniert, ist\u00a0absurd. Der [&#8230;]<\/p>\n","protected":false},"author":1,"featured_media":5644,"comment_status":"open","ping_status":"closed","sticky":false,"template":"","format":"standard","meta":{"footnotes":""},"categories":[55,8],"tags":[1387,2314,2369],"class_list":["post-14235","post","type-post","status-publish","format-standard","has-post-thumbnail","hentry","category-finanzen","category-wirtschaft","tag-fdp-hamburg","tag-pendlerpauschale","tag-sonja-jacobsen"],"_links":{"self":[{"href":"https:\/\/fdp-aktiv.de\/blog\/wp-json\/wp\/v2\/posts\/14235","targetHints":{"allow":["GET"]}}],"collection":[{"href":"https:\/\/fdp-aktiv.de\/blog\/wp-json\/wp\/v2\/posts"}],"about":[{"href":"https:\/\/fdp-aktiv.de\/blog\/wp-json\/wp\/v2\/types\/post"}],"author":[{"embeddable":true,"href":"https:\/\/fdp-aktiv.de\/blog\/wp-json\/wp\/v2\/users\/1"}],"replies":[{"embeddable":true,"href":"https:\/\/fdp-aktiv.de\/blog\/wp-json\/wp\/v2\/comments?post=14235"}],"version-history":[{"count":1,"href":"https:\/\/fdp-aktiv.de\/blog\/wp-json\/wp\/v2\/posts\/14235\/revisions"}],"predecessor-version":[{"id":14236,"href":"https:\/\/fdp-aktiv.de\/blog\/wp-json\/wp\/v2\/posts\/14235\/revisions\/14236"}],"wp:featuredmedia":[{"embeddable":true,"href":"https:\/\/fdp-aktiv.de\/blog\/wp-json\/wp\/v2\/media\/5644"}],"wp:attachment":[{"href":"https:\/\/fdp-aktiv.de\/blog\/wp-json\/wp\/v2\/media?parent=14235"}],"wp:term":[{"taxonomy":"category","embeddable":true,"href":"https:\/\/fdp-aktiv.de\/blog\/wp-json\/wp\/v2\/categories?post=14235"},{"taxonomy":"post_tag","embeddable":true,"href":"https:\/\/fdp-aktiv.de\/blog\/wp-json\/wp\/v2\/tags?post=14235"}],"curies":[{"name":"wp","href":"https:\/\/api.w.org\/{rel}","templated":true}]}}