{"id":14306,"date":"2024-01-10T16:06:10","date_gmt":"2024-01-10T15:06:10","guid":{"rendered":"https:\/\/fdp-aktiv.de\/blog\/?p=14306"},"modified":"2024-01-10T16:07:02","modified_gmt":"2024-01-10T15:07:02","slug":"berlin-lars-f-lindemann-zur-heutigen-aussprache-im-senat-zu-bezahlkarten-fuer-gefluechtete","status":"publish","type":"post","link":"https:\/\/fdp-aktiv.de\/blog\/2024\/01\/10\/berlin-lars-f-lindemann-zur-heutigen-aussprache-im-senat-zu-bezahlkarten-fuer-gefluechtete\/","title":{"rendered":"BERLIN &#8211; Lars F. Lindemann zur heutigen Aussprache im Senat zu Bezahlkarten f\u00fcr Gefl\u00fcchtete:"},"content":{"rendered":"<p>\u201eSeit vielen Monaten gibt es die M\u00f6glichkeit, die Auszahlung von Bargeld an Gefl\u00fcchtete zu stoppen &#8211; \u00fcber sogenannte Bezahlkarten. Damit k\u00f6nnen dem Anreiz zur Einreise in Sozialsysteme und der \u00dcberweisung von staatlichen Leistungen in die Heimat ein Riegel vorgeschoben werden. Bis heute hat der Regierende B\u00fcrgermeister aber nicht gehandelt. Und auch heute soll es dazu kein Senatsbeschluss geben. Es ist besch\u00e4mend, dass Schwarz-Rot in der Migrationsfrage weiter nur abwartet und maximal den Ist-Zustand verwaltet. Berlin muss unverz\u00fcglich Pull-Faktoren abbauen, um der ungesteuerten Zuwanderung entgegenzuwirken. Warum Kai Wegner und Co hier nur tatenlos zusehen, ist nicht zu erkl\u00e4ren.\u201c<\/p>\n<p>&nbsp;<\/p>\n","protected":false},"excerpt":{"rendered":"<p>\u201eSeit vielen Monaten gibt es die M\u00f6glichkeit, die Auszahlung von Bargeld an Gefl\u00fcchtete zu stoppen &#8211; \u00fcber sogenannte Bezahlkarten. Damit k\u00f6nnen dem Anreiz zur Einreise in Sozialsysteme und der \u00dcberweisung [&#8230;]<\/p>\n","protected":false},"author":1,"featured_media":10345,"comment_status":"open","ping_status":"closed","sticky":false,"template":"","format":"standard","meta":{"footnotes":""},"categories":[5],"tags":[3788,706,3937,3242,693,3938],"class_list":["post-14306","post","type-post","status-publish","format-standard","has-post-thumbnail","hentry","category-aussenpolitik","tag-bezahlkarten","tag-fdp-berlin","tag-gefluechtete","tag-lars-lindemann","tag-migration","tag-sozialsysteme"],"_links":{"self":[{"href":"https:\/\/fdp-aktiv.de\/blog\/wp-json\/wp\/v2\/posts\/14306","targetHints":{"allow":["GET"]}}],"collection":[{"href":"https:\/\/fdp-aktiv.de\/blog\/wp-json\/wp\/v2\/posts"}],"about":[{"href":"https:\/\/fdp-aktiv.de\/blog\/wp-json\/wp\/v2\/types\/post"}],"author":[{"embeddable":true,"href":"https:\/\/fdp-aktiv.de\/blog\/wp-json\/wp\/v2\/users\/1"}],"replies":[{"embeddable":true,"href":"https:\/\/fdp-aktiv.de\/blog\/wp-json\/wp\/v2\/comments?post=14306"}],"version-history":[{"count":1,"href":"https:\/\/fdp-aktiv.de\/blog\/wp-json\/wp\/v2\/posts\/14306\/revisions"}],"predecessor-version":[{"id":14307,"href":"https:\/\/fdp-aktiv.de\/blog\/wp-json\/wp\/v2\/posts\/14306\/revisions\/14307"}],"wp:featuredmedia":[{"embeddable":true,"href":"https:\/\/fdp-aktiv.de\/blog\/wp-json\/wp\/v2\/media\/10345"}],"wp:attachment":[{"href":"https:\/\/fdp-aktiv.de\/blog\/wp-json\/wp\/v2\/media?parent=14306"}],"wp:term":[{"taxonomy":"category","embeddable":true,"href":"https:\/\/fdp-aktiv.de\/blog\/wp-json\/wp\/v2\/categories?post=14306"},{"taxonomy":"post_tag","embeddable":true,"href":"https:\/\/fdp-aktiv.de\/blog\/wp-json\/wp\/v2\/tags?post=14306"}],"curies":[{"name":"wp","href":"https:\/\/api.w.org\/{rel}","templated":true}]}}