{"id":14311,"date":"2024-01-11T16:21:27","date_gmt":"2024-01-11T15:21:27","guid":{"rendered":"https:\/\/fdp-aktiv.de\/blog\/?p=14311"},"modified":"2024-01-11T16:21:27","modified_gmt":"2024-01-11T15:21:27","slug":"hamburg-kruse-konkrete-projekte-statt-pruefauftraege-der-hafen-braucht-keine-projektgesellschaft-fuer-erneuerbare-energien","status":"publish","type":"post","link":"https:\/\/fdp-aktiv.de\/blog\/2024\/01\/11\/hamburg-kruse-konkrete-projekte-statt-pruefauftraege-der-hafen-braucht-keine-projektgesellschaft-fuer-erneuerbare-energien\/","title":{"rendered":"Hamburg &#8211; Kruse: Konkrete Projekte statt Pr\u00fcfauftr\u00e4ge \u2013 der Hafen braucht keine Projektgesellschaft f\u00fcr Erneuerbare Energien"},"content":{"rendered":"<p>FDP-Kruse: Konkrete Projekte statt Pr\u00fcfauftr\u00e4ge \u2013 der Hafen braucht keine Projektgesellschaft f\u00fcr Erneuerbare Energien<\/p>\n<p>Zum heute (10.01.) vorgestellten Joint-Venture der HPA mit den Hamburger Energiewerken zur Dekarbonisierung der Energie im Hamburger Hafen erkl\u00e4rt Michael Kruse, Energiepolitischer Sprecher und Berichterstatter f\u00fcr H\u00e4fen der FDP-Bundestagsfraktion:<\/p>\n<p>\u201eDer Hamburger Hafen braucht keine st\u00e4dtische Projektgesellschaft, die unter dem Deckmantel des Klimaschutzes B\u00fcrokratie schafft und Pr\u00fcfauftr\u00e4ge bekommt. So kommt der Ausbau von Erneuerbaren Energien in Hamburg nicht voran. Vielmehr droht Steuergeld in einer unn\u00f6tigen und intransparenten Projektgesellschaft zu versickern, das man besser f\u00fcr konkrete Ma\u00dfnahmen nutzen k\u00f6nnte. Hamburg ist beim Ausbau der Erneuerbaren Energien bundesweit Schlusslicht. Verantwortlich daf\u00fcr ist Umwelt- und Energiesenator Kerstan, der sich nicht hinter einer Projektgesellschaft verstecken darf. B\u00fcrgermeister Tschentscher muss nun das Ruder selbst herumrei\u00dfen und mehr Anreize f\u00fcr den Ausbau von Erneuerbaren Energien schaffen. Dazu geh\u00f6ren einfachere Bau- und Anschlussverfahren sowie die Nutzung der bereits bekannten Potenziale, insbesondere auf st\u00e4dtischen Geb\u00e4uded\u00e4chern und Fl\u00e4chen, die seit einem Jahrzehnt nicht vom Fleck kommt. Daf\u00fcr braucht man keine neue Projektgesellschaft, sondern einfach nur den politischen Willen, Projekte umzusetzen.\u201c<\/p>\n","protected":false},"excerpt":{"rendered":"<p>FDP-Kruse: Konkrete Projekte statt Pr\u00fcfauftr\u00e4ge \u2013 der Hafen braucht keine Projektgesellschaft f\u00fcr Erneuerbare Energien Zum heute (10.01.) vorgestellten Joint-Venture der HPA mit den Hamburger Energiewerken zur Dekarbonisierung der Energie im [&#8230;]<\/p>\n","protected":false},"author":1,"featured_media":13424,"comment_status":"open","ping_status":"closed","sticky":false,"template":"","format":"standard","meta":{"footnotes":""},"categories":[144,8],"tags":[1387,2779,1652,3939,1390],"class_list":["post-14311","post","type-post","status-publish","format-standard","has-post-thumbnail","hentry","category-verkehr-innenpolitik","category-wirtschaft","tag-fdp-hamburg","tag-hamburger-hafen","tag-hpa","tag-joint-venture","tag-michael-kruse"],"_links":{"self":[{"href":"https:\/\/fdp-aktiv.de\/blog\/wp-json\/wp\/v2\/posts\/14311","targetHints":{"allow":["GET"]}}],"collection":[{"href":"https:\/\/fdp-aktiv.de\/blog\/wp-json\/wp\/v2\/posts"}],"about":[{"href":"https:\/\/fdp-aktiv.de\/blog\/wp-json\/wp\/v2\/types\/post"}],"author":[{"embeddable":true,"href":"https:\/\/fdp-aktiv.de\/blog\/wp-json\/wp\/v2\/users\/1"}],"replies":[{"embeddable":true,"href":"https:\/\/fdp-aktiv.de\/blog\/wp-json\/wp\/v2\/comments?post=14311"}],"version-history":[{"count":1,"href":"https:\/\/fdp-aktiv.de\/blog\/wp-json\/wp\/v2\/posts\/14311\/revisions"}],"predecessor-version":[{"id":14314,"href":"https:\/\/fdp-aktiv.de\/blog\/wp-json\/wp\/v2\/posts\/14311\/revisions\/14314"}],"wp:featuredmedia":[{"embeddable":true,"href":"https:\/\/fdp-aktiv.de\/blog\/wp-json\/wp\/v2\/media\/13424"}],"wp:attachment":[{"href":"https:\/\/fdp-aktiv.de\/blog\/wp-json\/wp\/v2\/media?parent=14311"}],"wp:term":[{"taxonomy":"category","embeddable":true,"href":"https:\/\/fdp-aktiv.de\/blog\/wp-json\/wp\/v2\/categories?post=14311"},{"taxonomy":"post_tag","embeddable":true,"href":"https:\/\/fdp-aktiv.de\/blog\/wp-json\/wp\/v2\/tags?post=14311"}],"curies":[{"name":"wp","href":"https:\/\/api.w.org\/{rel}","templated":true}]}}