{"id":14312,"date":"2024-01-11T16:23:11","date_gmt":"2024-01-11T15:23:11","guid":{"rendered":"https:\/\/fdp-aktiv.de\/blog\/?p=14312"},"modified":"2024-01-11T16:23:11","modified_gmt":"2024-01-11T15:23:11","slug":"sachsen-anhalt-fdp-fraktion-draengt-auf-zuegige-einfuehrung-von-bezahlkarten-fuer-asylbewerber","status":"publish","type":"post","link":"https:\/\/fdp-aktiv.de\/blog\/2024\/01\/11\/sachsen-anhalt-fdp-fraktion-draengt-auf-zuegige-einfuehrung-von-bezahlkarten-fuer-asylbewerber\/","title":{"rendered":"Sachsen-Anhalt &#8211;  FDP-Fraktion dr\u00e4ngt auf z\u00fcgige Einf\u00fchrung von Bezahlkarten f\u00fcr Asylbewerber"},"content":{"rendered":"<h2>Sachsen-Anhalt schlie\u00dft sich bundesweitem Kartensystem an \/ Kosmehl: &#8220;Wesentlicher Beitrag gegen Einwanderung in die soziale Sicherung&#8221;<\/h2>\n<p>Sachsen-Anhalt schlie\u00dft sich der Einf\u00fchrung einer bundeseinheitlichen Bezahlkarte\u00a0f\u00fcr Asylbewerber an. Das hat das Kabinett am Dienstag (9. Januar) beschlossen. Die FDP-Landtagsfraktion dr\u00e4ngt auf einen z\u00fcgigen Start. Der innenpolitische Sprecher der Liberalen, Guido Kosmehl, sagte dazu:<\/p>\n<p>&#8220;Mit dem heutigen Kabinettsbeschluss ist der n\u00e4chste Schritt getan, um auch in Sachsen-Anhalt zweckgebundene Digitalkarten mit Prepaid-Guthaben f\u00fcr Asylbewerber nach bundeseinheitlichen Standards einzuf\u00fchren. Wir Freien Demokraten unterst\u00fctzen diesen Schritt ausdr\u00fccklich und dr\u00e4ngen darauf, dass das neue Kartensystem schnellstm\u00f6glich eingef\u00fchrt wird, auf jeden Fall aber im Laufe dieses Jahres. Wir sehen darin einen wesentlichen Beitrag zu einer neuen Realpolitik bei der Migration. Aufgrund der Vers\u00e4umnisse seit 2015 kommen zu viele Menschen in unser Land, die auf den Sozialstaat angewiesen sind. Bargeld kann zweifellos ein Pull-Faktor f\u00fcr die Einwanderung in die soziale Sicherung und damit ein falscher Anreiz sein. Damit muss schnell Schluss sein. Wichtig ist aus unserer Sicht auch, dass der Aufwand f\u00fcr unsere Kommunen in Sachsen-Anhalt nicht noch weiter steigt, sondern durch das Bezahlkartensystem so weit wie m\u00f6glich reduziert wird.&#8221;<\/p>\n","protected":false},"excerpt":{"rendered":"<p>Sachsen-Anhalt schlie\u00dft sich bundesweitem Kartensystem an \/ Kosmehl: &#8220;Wesentlicher Beitrag gegen Einwanderung in die soziale Sicherung&#8221; Sachsen-Anhalt schlie\u00dft sich der Einf\u00fchrung einer bundeseinheitlichen Bezahlkarte\u00a0f\u00fcr Asylbewerber an. Das hat das Kabinett [&#8230;]<\/p>\n","protected":false},"author":1,"featured_media":3635,"comment_status":"open","ping_status":"closed","sticky":false,"template":"","format":"standard","meta":{"footnotes":""},"categories":[5],"tags":[3062,3788,857,1785],"class_list":["post-14312","post","type-post","status-publish","format-standard","has-post-thumbnail","hentry","category-aussenpolitik","tag-asylbewerber","tag-bezahlkarten","tag-fdp-lsa","tag-guido-kosmehl"],"_links":{"self":[{"href":"https:\/\/fdp-aktiv.de\/blog\/wp-json\/wp\/v2\/posts\/14312","targetHints":{"allow":["GET"]}}],"collection":[{"href":"https:\/\/fdp-aktiv.de\/blog\/wp-json\/wp\/v2\/posts"}],"about":[{"href":"https:\/\/fdp-aktiv.de\/blog\/wp-json\/wp\/v2\/types\/post"}],"author":[{"embeddable":true,"href":"https:\/\/fdp-aktiv.de\/blog\/wp-json\/wp\/v2\/users\/1"}],"replies":[{"embeddable":true,"href":"https:\/\/fdp-aktiv.de\/blog\/wp-json\/wp\/v2\/comments?post=14312"}],"version-history":[{"count":1,"href":"https:\/\/fdp-aktiv.de\/blog\/wp-json\/wp\/v2\/posts\/14312\/revisions"}],"predecessor-version":[{"id":14315,"href":"https:\/\/fdp-aktiv.de\/blog\/wp-json\/wp\/v2\/posts\/14312\/revisions\/14315"}],"wp:featuredmedia":[{"embeddable":true,"href":"https:\/\/fdp-aktiv.de\/blog\/wp-json\/wp\/v2\/media\/3635"}],"wp:attachment":[{"href":"https:\/\/fdp-aktiv.de\/blog\/wp-json\/wp\/v2\/media?parent=14312"}],"wp:term":[{"taxonomy":"category","embeddable":true,"href":"https:\/\/fdp-aktiv.de\/blog\/wp-json\/wp\/v2\/categories?post=14312"},{"taxonomy":"post_tag","embeddable":true,"href":"https:\/\/fdp-aktiv.de\/blog\/wp-json\/wp\/v2\/tags?post=14312"}],"curies":[{"name":"wp","href":"https:\/\/api.w.org\/{rel}","templated":true}]}}