{"id":14357,"date":"2024-01-20T08:30:58","date_gmt":"2024-01-20T07:30:58","guid":{"rendered":"https:\/\/fdp-aktiv.de\/blog\/?p=14357"},"modified":"2024-01-20T08:30:58","modified_gmt":"2024-01-20T07:30:58","slug":"silbersack-fdp-zur-solarindustrie-bund-und-eu-muessen-gegenmassnahmen-ergreifen","status":"publish","type":"post","link":"https:\/\/fdp-aktiv.de\/blog\/2024\/01\/20\/silbersack-fdp-zur-solarindustrie-bund-und-eu-muessen-gegenmassnahmen-ergreifen\/","title":{"rendered":"Silbersack (FDP) zur Solarindustrie: \u201eBund und EU m\u00fcssen Gegenma\u00dfnahmen ergreifen\u201c"},"content":{"rendered":"<h2>Fraktionschef der Liberalen in Sachsen-Anhalt fordert Reaktion auf drohende Schlie\u00dfung von Solarwerk in Freiberg<\/h2>\n<p>Die strategische Neuausrichtung des Solarherstellers Meyer Burger in Richtung USA ist nach Auffassung von Sachsen-Anhalts FDP-Fraktionschef Andreas Silbersack \u201eendg\u00fcltig ein Weckruf, der eine unmittelbare und entschiedene Reaktion der Bundesregierung und der EU erfordert\u201c. Den \u201eInflation Reduction Act\u201c der USA bezeichnete der FDP-Wirtschaftspolitiker als \u201eeine existenzielle Bedrohung\u201c.<\/p>\n<p>Silbersack sagte: \u201eUnsere Wettbewerbsf\u00e4higkeit steht auf dem Spiel. Es ist h\u00f6chste Zeit f\u00fcr konkrete, wirkungsvolle Gegenma\u00dfnahmen. Die drohende Schlie\u00dfung der Solarmodulproduktion im s\u00e4chsischen Freiberg besorgt auch uns am Standort Sachsen-Anhalt und zeigt die prek\u00e4re Lage auf dem europ\u00e4ischen Solarmarkt. Eine koordinierte europ\u00e4ische Reaktion ist dringend notwendig, um Arbeitspl\u00e4tze zu sch\u00fctzen und unsere Wirtschaft zu st\u00e4rken. Die Bundesregierung muss diese Angelegenheit mit h\u00f6chster Dringlichkeit behandeln und gemeinsam mit anderen EU-Mitgliedsstaaten Ma\u00dfnahmen ergreifen, um die Wirtschaft in Europa vor weiteren unabsehbaren Sch\u00e4den zu bewahren.\u201c<\/p>\n<p>Weiter erkl\u00e4rte Silbersack: \u201eEs liegt auf der Hand, dass der Bundeswirtschaftsminister in dieser Angelegenheit eine zentrale Verantwortung tr\u00e4gt. Mit dem Ausstieg aus der Atomkraft verlagert sich nun die Solarindustrie ins Ausland. Bedauerlicherweise bleibt Robert Habeck in seinen Bem\u00fchungen bisher hinter den Erwartungen zur\u00fcck, und es scheint, als fehle ihm das Verst\u00e4ndnis f\u00fcr die tats\u00e4chlichen Auswirkungen auf den Wirtschaftsstandort Deutschland.\u201c<\/p>\n","protected":false},"excerpt":{"rendered":"<p>Fraktionschef der Liberalen in Sachsen-Anhalt fordert Reaktion auf drohende Schlie\u00dfung von Solarwerk in Freiberg Die strategische Neuausrichtung des Solarherstellers Meyer Burger in Richtung USA ist nach Auffassung von Sachsen-Anhalts FDP-Fraktionschef [&#8230;]<\/p>\n","protected":false},"author":1,"featured_media":12163,"comment_status":"open","ping_status":"closed","sticky":false,"template":"","format":"standard","meta":{"footnotes":""},"categories":[1979,8],"tags":[1706,857,3950],"class_list":["post-14357","post","type-post","status-publish","format-standard","has-post-thumbnail","hentry","category-energie","category-wirtschaft","tag-andreas-silbersack","tag-fdp-lsa","tag-solarindustrie"],"_links":{"self":[{"href":"https:\/\/fdp-aktiv.de\/blog\/wp-json\/wp\/v2\/posts\/14357","targetHints":{"allow":["GET"]}}],"collection":[{"href":"https:\/\/fdp-aktiv.de\/blog\/wp-json\/wp\/v2\/posts"}],"about":[{"href":"https:\/\/fdp-aktiv.de\/blog\/wp-json\/wp\/v2\/types\/post"}],"author":[{"embeddable":true,"href":"https:\/\/fdp-aktiv.de\/blog\/wp-json\/wp\/v2\/users\/1"}],"replies":[{"embeddable":true,"href":"https:\/\/fdp-aktiv.de\/blog\/wp-json\/wp\/v2\/comments?post=14357"}],"version-history":[{"count":1,"href":"https:\/\/fdp-aktiv.de\/blog\/wp-json\/wp\/v2\/posts\/14357\/revisions"}],"predecessor-version":[{"id":14359,"href":"https:\/\/fdp-aktiv.de\/blog\/wp-json\/wp\/v2\/posts\/14357\/revisions\/14359"}],"wp:featuredmedia":[{"embeddable":true,"href":"https:\/\/fdp-aktiv.de\/blog\/wp-json\/wp\/v2\/media\/12163"}],"wp:attachment":[{"href":"https:\/\/fdp-aktiv.de\/blog\/wp-json\/wp\/v2\/media?parent=14357"}],"wp:term":[{"taxonomy":"category","embeddable":true,"href":"https:\/\/fdp-aktiv.de\/blog\/wp-json\/wp\/v2\/categories?post=14357"},{"taxonomy":"post_tag","embeddable":true,"href":"https:\/\/fdp-aktiv.de\/blog\/wp-json\/wp\/v2\/tags?post=14357"}],"curies":[{"name":"wp","href":"https:\/\/api.w.org\/{rel}","templated":true}]}}