{"id":14362,"date":"2024-01-20T08:41:22","date_gmt":"2024-01-20T07:41:22","guid":{"rendered":"https:\/\/fdp-aktiv.de\/blog\/?p=14362"},"modified":"2024-01-20T08:41:22","modified_gmt":"2024-01-20T07:41:22","slug":"baden-wuerttemberg-ruelke-gendersternchen-aus-verwaltungssprache-zu-verbannen-genau-richtig","status":"publish","type":"post","link":"https:\/\/fdp-aktiv.de\/blog\/2024\/01\/20\/baden-wuerttemberg-ruelke-gendersternchen-aus-verwaltungssprache-zu-verbannen-genau-richtig\/","title":{"rendered":"Baden-W\u00fcrttemberg &#8211;    R\u00fclke: Gendersternchen aus Verwaltungssprache zu verbannen genau richtig"},"content":{"rendered":"<p><strong>\u00a0<\/strong>Gendersternchen aus Verwaltungssprache zu verbannen genau richtig<\/p>\n<p>Der Vorsitzende der FDP\/DVP-Fraktion, <strong>Dr. Hans-Ulrich R\u00fclke,<\/strong> unterst\u00fctzt den Vorschlag von Innenminister Thomas Strobl, die Landesverwaltung mit einer Verwaltungsvorschrift anzuweisen, sich ausschlie\u00dflich an die Regeln der deutschen Rechtschreibung zu halten und im amtlichen Schriftverkehr die Verwendung von Sonderzeichen im Wortinnern wie Doppelpunkte und Gendersternchen zu untersagen:<\/p>\n<p>\u201eMinister Strobl hat die volle Unterst\u00fctzung der FDP-Landtagsfraktion, Sprachverst\u00fcmmelungen mit Gendersternchen und Co. im amtlichen Schriftverkehr zu unterbinden. Diese Sonderschreibweisen sind schlicht nicht korrekt und entfalten eine diskriminierende Wirkung gegen\u00fcber Nichtmuttersprachlern, Legasthenikern und Menschen mit Handicaps. Dementsprechend sollte dieser Unfug in der Landesverwaltung unterbleiben. Damit kommt es f\u00fcr die Gr\u00fcnen zum Schwur, ob sie den sinnvollen Vorschlag ihres Koalitionspartners ebenfalls unterst\u00fctzen. Geschlechtergerechtigkeit wird durch Haltung erzeugt, nicht durch den Versuch Geschlechter aus der Sprache zu verbannen.\u201c<\/p>\n","protected":false},"excerpt":{"rendered":"<p>\u00a0Gendersternchen aus Verwaltungssprache zu verbannen genau richtig Der Vorsitzende der FDP\/DVP-Fraktion, Dr. Hans-Ulrich R\u00fclke, unterst\u00fctzt den Vorschlag von Innenminister Thomas Strobl, die Landesverwaltung mit einer Verwaltungsvorschrift anzuweisen, sich ausschlie\u00dflich an [&#8230;]<\/p>\n","protected":false},"author":1,"featured_media":1526,"comment_status":"open","ping_status":"closed","sticky":false,"template":"","format":"standard","meta":{"footnotes":""},"categories":[6],"tags":[842,650],"class_list":["post-14362","post","type-post","status-publish","format-standard","has-post-thumbnail","hentry","category-politik","tag-dr-hans-ulrich-ruelke","tag-fdp-dvp"],"_links":{"self":[{"href":"https:\/\/fdp-aktiv.de\/blog\/wp-json\/wp\/v2\/posts\/14362","targetHints":{"allow":["GET"]}}],"collection":[{"href":"https:\/\/fdp-aktiv.de\/blog\/wp-json\/wp\/v2\/posts"}],"about":[{"href":"https:\/\/fdp-aktiv.de\/blog\/wp-json\/wp\/v2\/types\/post"}],"author":[{"embeddable":true,"href":"https:\/\/fdp-aktiv.de\/blog\/wp-json\/wp\/v2\/users\/1"}],"replies":[{"embeddable":true,"href":"https:\/\/fdp-aktiv.de\/blog\/wp-json\/wp\/v2\/comments?post=14362"}],"version-history":[{"count":1,"href":"https:\/\/fdp-aktiv.de\/blog\/wp-json\/wp\/v2\/posts\/14362\/revisions"}],"predecessor-version":[{"id":14366,"href":"https:\/\/fdp-aktiv.de\/blog\/wp-json\/wp\/v2\/posts\/14362\/revisions\/14366"}],"wp:featuredmedia":[{"embeddable":true,"href":"https:\/\/fdp-aktiv.de\/blog\/wp-json\/wp\/v2\/media\/1526"}],"wp:attachment":[{"href":"https:\/\/fdp-aktiv.de\/blog\/wp-json\/wp\/v2\/media?parent=14362"}],"wp:term":[{"taxonomy":"category","embeddable":true,"href":"https:\/\/fdp-aktiv.de\/blog\/wp-json\/wp\/v2\/categories?post=14362"},{"taxonomy":"post_tag","embeddable":true,"href":"https:\/\/fdp-aktiv.de\/blog\/wp-json\/wp\/v2\/tags?post=14362"}],"curies":[{"name":"wp","href":"https:\/\/api.w.org\/{rel}","templated":true}]}}