{"id":14368,"date":"2024-01-22T09:12:13","date_gmt":"2024-01-22T08:12:13","guid":{"rendered":"https:\/\/fdp-aktiv.de\/blog\/?p=14368"},"modified":"2024-01-22T09:12:13","modified_gmt":"2024-01-22T08:12:13","slug":"berlin-lars-f-lindemann-mdb-generalsekretaer-der-fdp-berlin-zu-den-neuerlichen-verzoegerungen-in-berlin-bei-der-einfuehrung-von-bezahlkarten-fuer-asylbewerberinnen-und-asylbewerber","status":"publish","type":"post","link":"https:\/\/fdp-aktiv.de\/blog\/2024\/01\/22\/berlin-lars-f-lindemann-mdb-generalsekretaer-der-fdp-berlin-zu-den-neuerlichen-verzoegerungen-in-berlin-bei-der-einfuehrung-von-bezahlkarten-fuer-asylbewerberinnen-und-asylbewerber\/","title":{"rendered":"BERLIN. Lars F. Lindemann MdB, Generalsekret\u00e4r der FDP Berlin, zu den neuerlichen Verz\u00f6gerungen in Berlin bei der Einf\u00fchrung von Bezahlkarten f\u00fcr Asylbewerberinnen und Asylbewerber:"},"content":{"rendered":"<p>\u201eSeit vielen Monaten gibt es die M\u00f6glichkeit, die Auszahlung von Bargeld an Gefl\u00fcchtete zu stoppen &#8211; \u00fcber sogenannte Bezahlkarten. Damit k\u00f6nnen dem Anreiz zur Einreise in Sozialsysteme und der \u00dcberweisung von staatlichen Leistungen in die Heimat ein Riegel vorgeschoben werden. Bis heute hat der Berliner Senat das jedoch nicht eingef\u00fchrt. Auch das Beitreten zum Vergabeverfahren wird Zeit in Anspruch nehmen. Es ist mehr als bedauerlich, dass Schwarz-Rot in der Migrationsfrage weiter nur abwartet und maximal den Ist-Zustand verwaltet. Berlin muss unverz\u00fcglich Pull-Faktoren abbauen, um der ungesteuerten Zuwanderung entgegenzuwirken. Warum Kai Wegner und Co nicht endlich z\u00fcgig handeln, ist nicht zu erkl\u00e4ren.\u201c<\/p>\n<p>&nbsp;<\/p>\n<p>&nbsp;<\/p>\n","protected":false},"excerpt":{"rendered":"<p>\u201eSeit vielen Monaten gibt es die M\u00f6glichkeit, die Auszahlung von Bargeld an Gefl\u00fcchtete zu stoppen &#8211; \u00fcber sogenannte Bezahlkarten. Damit k\u00f6nnen dem Anreiz zur Einreise in Sozialsysteme und der \u00dcberweisung [&#8230;]<\/p>\n","protected":false},"author":1,"featured_media":10345,"comment_status":"open","ping_status":"closed","sticky":false,"template":"","format":"standard","meta":{"footnotes":""},"categories":[5],"tags":[3062,3788,706,2065,3242],"class_list":["post-14368","post","type-post","status-publish","format-standard","has-post-thumbnail","hentry","category-aussenpolitik","tag-asylbewerber","tag-bezahlkarten","tag-fdp-berlin","tag-fluechtlinge","tag-lars-lindemann"],"_links":{"self":[{"href":"https:\/\/fdp-aktiv.de\/blog\/wp-json\/wp\/v2\/posts\/14368","targetHints":{"allow":["GET"]}}],"collection":[{"href":"https:\/\/fdp-aktiv.de\/blog\/wp-json\/wp\/v2\/posts"}],"about":[{"href":"https:\/\/fdp-aktiv.de\/blog\/wp-json\/wp\/v2\/types\/post"}],"author":[{"embeddable":true,"href":"https:\/\/fdp-aktiv.de\/blog\/wp-json\/wp\/v2\/users\/1"}],"replies":[{"embeddable":true,"href":"https:\/\/fdp-aktiv.de\/blog\/wp-json\/wp\/v2\/comments?post=14368"}],"version-history":[{"count":1,"href":"https:\/\/fdp-aktiv.de\/blog\/wp-json\/wp\/v2\/posts\/14368\/revisions"}],"predecessor-version":[{"id":14372,"href":"https:\/\/fdp-aktiv.de\/blog\/wp-json\/wp\/v2\/posts\/14368\/revisions\/14372"}],"wp:featuredmedia":[{"embeddable":true,"href":"https:\/\/fdp-aktiv.de\/blog\/wp-json\/wp\/v2\/media\/10345"}],"wp:attachment":[{"href":"https:\/\/fdp-aktiv.de\/blog\/wp-json\/wp\/v2\/media?parent=14368"}],"wp:term":[{"taxonomy":"category","embeddable":true,"href":"https:\/\/fdp-aktiv.de\/blog\/wp-json\/wp\/v2\/categories?post=14368"},{"taxonomy":"post_tag","embeddable":true,"href":"https:\/\/fdp-aktiv.de\/blog\/wp-json\/wp\/v2\/tags?post=14368"}],"curies":[{"name":"wp","href":"https:\/\/api.w.org\/{rel}","templated":true}]}}