{"id":14378,"date":"2024-01-23T11:08:07","date_gmt":"2024-01-23T10:08:07","guid":{"rendered":"https:\/\/fdp-aktiv.de\/blog\/?p=14378"},"modified":"2024-01-23T11:08:07","modified_gmt":"2024-01-23T10:08:07","slug":"bundesdelegiertenkonferenz-des-liberalen-mittelstands-e-v-saarlaenderin-angelika-hiesserich-peter-zur-bundesvorsitzenden-gewaehlt","status":"publish","type":"post","link":"https:\/\/fdp-aktiv.de\/blog\/2024\/01\/23\/bundesdelegiertenkonferenz-des-liberalen-mittelstands-e-v-saarlaenderin-angelika-hiesserich-peter-zur-bundesvorsitzenden-gewaehlt\/","title":{"rendered":"Bundesdelegiertenkonferenz des Liberalen Mittelstands e.V.: Saarl\u00e4nderin Angelika Hie\u00dferich-Peter zur Bundesvorsitzenden gew\u00e4hlt"},"content":{"rendered":"<div class=\"clearfix text-formatted field field--name-field-body field--type-text-long field--label-hidden field__item\">\n<p><span>Neue F\u00fchrung und Vision f\u00fcr den deutschen Mittelstand<\/span><\/p>\n<p><span>Hannover, 22. Januar 2024\u00a0\u2013 Die Bundesdelegiertenkonferenz des Liberalen Mittelstands e.V. Bundesvereinigung, die am Wochenende im Hotel Plaza in Hannover stattfand, markierte einen bedeutsamen Tag f\u00fcr den deutschen Mittelstand. Mit einem starken Fokus auf F\u00fchrung, Finanzen und zukunftsweisenden Strategien stand die Konferenz im Zeichen richtungsweisender Entscheidungen und tiefgreifender Diskussionen.<\/span><\/p>\n<p><span>Die Veranstaltung wurde durch eindrucksvolle Reden von Knut Gerschau MdB und Konstantin Kuhle MdB er\u00f6ffnet, die die Bedeutung von Wettbewerb, Digitalisierung und Entb\u00fcrokratisierung betonten. Die kommissarische stv- Bundesvorsitzende Angelika Hie\u00dferich-Peter gab einen bewegenden R\u00fcckblick auf das vergangene Jahr, das von Ver\u00e4nderungen und Herausforderungen gepr\u00e4gt war, und wurde anschlie\u00dfend zur Bundesvorsitzenden gew\u00e4hlt, ein Zeichen f\u00fcr Kontinuit\u00e4t und Vertrauen.<\/span><\/p>\n<p><span>Die finanzielle St\u00e4rke des Verbands wurde durch den positiven Bericht der Rechnungspr\u00fcfer und die Wahl von Susanne Rausch-Prei\u00dfler als Bundesschatzmeisterin unterstrichen. Der Vorschlag von Michael Hoppmann zur detaillierten Budgetplanung und die M\u00f6glichkeit einer Umlagenerh\u00f6hung reflektieren den proaktiven und transparenten Ansatz in der finanziellen F\u00fchrung.<\/span><\/p>\n<p><span>Die Diskussionen und Abstimmungen zu insgesamt vier Antr\u00e4gen zeigten die demokratische Vitalit\u00e4t und den konstruktiven Geist des Verbands. Die Anpassungen und die aktive Beteiligung der Mitglieder unterstreichen das Engagement f\u00fcr relevante und zeitgem\u00e4\u00dfe Ma\u00dfnahmen.<\/span><\/p>\n<p><span>Die Wahl der stellvertretenden Bundesvorsitzenden Thomas <span style=\"color: #000000;\">J\u00e4nnert (Bayern), Ansgar Schwarzwald (Nordrhein-Westfalen)<\/span> und Judith Behmer (Nord) sowie die Wahl des Generalsekret\u00e4rs Ingo Bodtke MdB setzen den Kurs f\u00fcr eine vielseitige und dynamische F\u00fchrung. Ihre unterschiedlichen Perspektiven und Erfahrungen werden dazu beitragen, die Ziele des Verbands in verschiedenen Bereichen voranzutreiben.<\/span><\/p>\n<p><span>Das Gru\u00dfwort von Thomas Hoppe (Bundesvorsitzender der Jungen Unternehmer) und der Vortrag von Dr. Thomas Schmidt (NiedersachsenMetall) bereicherten die Konferenz mit zus\u00e4tzlichen Perspektiven und forderten dazu auf, als geeintes Europa aufzutreten, die B\u00fcrokratie zu reduzieren und eine effektive L\u00f6sungsfindung mit der Politik anzustreben.<\/span><\/p>\n<p><span>In ihrer Abschlussrede betonte die mit 93,42 % neu gew\u00e4hlte Bundesvorsitzende Angelika Hie\u00dferich-Peter die Bedeutung der Zusammenarbeit und dankte allen Beteiligten. Sie bekr\u00e4ftigte das Ziel, mit neuer Energie und Entschlossenheit eine noch st\u00e4rkere Stimme f\u00fcr den deutschen Mittelstand zu sein.<\/span><\/p>\n<p><span>Die Bundesdelegiertenkonferenz des Liberalen Mittelstands e.V. demonstrierte erneut ihre Rolle als einflussreiches Forum, in dem F\u00fchrung, Vision und Engagement f\u00fcr den deutschen Mittelstand zusammenkommen. Die Entscheidungen und Wahlen des heutigen Tages setzen einen klaren Kurs f\u00fcr die Zukunft und bekr\u00e4ftigen die Rolle des Verbands als treibende Kraft f\u00fcr Wachstum, Innovation und nachhaltige Entwicklung.\u00a0<\/span><\/p>\n<\/div>\n","protected":false},"excerpt":{"rendered":"<p>Neue F\u00fchrung und Vision f\u00fcr den deutschen Mittelstand Hannover, 22. Januar 2024\u00a0\u2013 Die Bundesdelegiertenkonferenz des Liberalen Mittelstands e.V. Bundesvereinigung, die am Wochenende im Hotel Plaza in Hannover stattfand, markierte einen [&#8230;]<\/p>\n","protected":false},"author":1,"featured_media":2832,"comment_status":"open","ping_status":"closed","sticky":false,"template":"","format":"standard","meta":{"footnotes":""},"categories":[6,8],"tags":[965,708,3952],"class_list":["post-14378","post","type-post","status-publish","format-standard","has-post-thumbnail","hentry","category-politik","category-wirtschaft","tag-angelika-hiesserich-peter-2","tag-fdp-saar","tag-liberalen-mittelstand"],"_links":{"self":[{"href":"https:\/\/fdp-aktiv.de\/blog\/wp-json\/wp\/v2\/posts\/14378","targetHints":{"allow":["GET"]}}],"collection":[{"href":"https:\/\/fdp-aktiv.de\/blog\/wp-json\/wp\/v2\/posts"}],"about":[{"href":"https:\/\/fdp-aktiv.de\/blog\/wp-json\/wp\/v2\/types\/post"}],"author":[{"embeddable":true,"href":"https:\/\/fdp-aktiv.de\/blog\/wp-json\/wp\/v2\/users\/1"}],"replies":[{"embeddable":true,"href":"https:\/\/fdp-aktiv.de\/blog\/wp-json\/wp\/v2\/comments?post=14378"}],"version-history":[{"count":1,"href":"https:\/\/fdp-aktiv.de\/blog\/wp-json\/wp\/v2\/posts\/14378\/revisions"}],"predecessor-version":[{"id":14381,"href":"https:\/\/fdp-aktiv.de\/blog\/wp-json\/wp\/v2\/posts\/14378\/revisions\/14381"}],"wp:featuredmedia":[{"embeddable":true,"href":"https:\/\/fdp-aktiv.de\/blog\/wp-json\/wp\/v2\/media\/2832"}],"wp:attachment":[{"href":"https:\/\/fdp-aktiv.de\/blog\/wp-json\/wp\/v2\/media?parent=14378"}],"wp:term":[{"taxonomy":"category","embeddable":true,"href":"https:\/\/fdp-aktiv.de\/blog\/wp-json\/wp\/v2\/categories?post=14378"},{"taxonomy":"post_tag","embeddable":true,"href":"https:\/\/fdp-aktiv.de\/blog\/wp-json\/wp\/v2\/tags?post=14378"}],"curies":[{"name":"wp","href":"https:\/\/api.w.org\/{rel}","templated":true}]}}