{"id":14405,"date":"2024-01-24T16:16:56","date_gmt":"2024-01-24T15:16:56","guid":{"rendered":"https:\/\/fdp-aktiv.de\/blog\/?p=14405"},"modified":"2024-01-24T16:16:56","modified_gmt":"2024-01-24T15:16:56","slug":"baden-wuerttemberg-scheerer-bezahlkarte-muss-zeitnah-landesweit-etabliert-werden","status":"publish","type":"post","link":"https:\/\/fdp-aktiv.de\/blog\/2024\/01\/24\/baden-wuerttemberg-scheerer-bezahlkarte-muss-zeitnah-landesweit-etabliert-werden\/","title":{"rendered":"Baden-W\u00fcrttemberg &#8211; Scheerer: Bezahlkarte muss zeitnah landesweit etabliert werden"},"content":{"rendered":"<p>Bezahlkarte senkt Fluchtanreize und verhindert den Abfluss von Sozialleistungen ins Ausland<\/p>\n<p>Angesichts der Tatsache, dass der Ortenaukreis heute die ersten Bezahlkarten f\u00fcr Fl\u00fcchtlinge ausgibt, fordert der migrationspolitische Sprecher der FDP\/DVP-Fraktion, <strong>Hans Dieter Scheerer<\/strong>:<\/p>\n<p>\u201eW\u00e4hrend die Landesregierung lediglich auf den Bund verweist, geht der Ortenaukreis voran und gibt heute die ersten Bezahlkarten an Fl\u00fcchtlinge aus. Das begr\u00fc\u00dfen wir ausdr\u00fccklich.<\/p>\n<p>Die Landesregierung sollte sich hieran ein Beispiel nehmen und die Bezahlkarte endlich landesweit einf\u00fchren. Fluchtanreize werden gesenkt, zudem wird der Abfluss von Sozialleistungen ins Ausland verhindert. Sollten bundesweit einheitliche Standards kommen, kann man das eigene System daran flexibel angleichen. Die Landesregierung verschenkt hier unn\u00f6tig kostbare Zeit.\u201c<\/p>\n","protected":false},"excerpt":{"rendered":"<p>Bezahlkarte senkt Fluchtanreize und verhindert den Abfluss von Sozialleistungen ins Ausland Angesichts der Tatsache, dass der Ortenaukreis heute die ersten Bezahlkarten f\u00fcr Fl\u00fcchtlinge ausgibt, fordert der migrationspolitische Sprecher der FDP\/DVP-Fraktion, [&#8230;]<\/p>\n","protected":false},"author":1,"featured_media":4401,"comment_status":"open","ping_status":"closed","sticky":false,"template":"","format":"standard","meta":{"footnotes":""},"categories":[5],"tags":[3788,650,864],"class_list":["post-14405","post","type-post","status-publish","format-standard","has-post-thumbnail","hentry","category-aussenpolitik","tag-bezahlkarten","tag-fdp-dvp","tag-hans-dieter-scheerer"],"_links":{"self":[{"href":"https:\/\/fdp-aktiv.de\/blog\/wp-json\/wp\/v2\/posts\/14405","targetHints":{"allow":["GET"]}}],"collection":[{"href":"https:\/\/fdp-aktiv.de\/blog\/wp-json\/wp\/v2\/posts"}],"about":[{"href":"https:\/\/fdp-aktiv.de\/blog\/wp-json\/wp\/v2\/types\/post"}],"author":[{"embeddable":true,"href":"https:\/\/fdp-aktiv.de\/blog\/wp-json\/wp\/v2\/users\/1"}],"replies":[{"embeddable":true,"href":"https:\/\/fdp-aktiv.de\/blog\/wp-json\/wp\/v2\/comments?post=14405"}],"version-history":[{"count":1,"href":"https:\/\/fdp-aktiv.de\/blog\/wp-json\/wp\/v2\/posts\/14405\/revisions"}],"predecessor-version":[{"id":14407,"href":"https:\/\/fdp-aktiv.de\/blog\/wp-json\/wp\/v2\/posts\/14405\/revisions\/14407"}],"wp:featuredmedia":[{"embeddable":true,"href":"https:\/\/fdp-aktiv.de\/blog\/wp-json\/wp\/v2\/media\/4401"}],"wp:attachment":[{"href":"https:\/\/fdp-aktiv.de\/blog\/wp-json\/wp\/v2\/media?parent=14405"}],"wp:term":[{"taxonomy":"category","embeddable":true,"href":"https:\/\/fdp-aktiv.de\/blog\/wp-json\/wp\/v2\/categories?post=14405"},{"taxonomy":"post_tag","embeddable":true,"href":"https:\/\/fdp-aktiv.de\/blog\/wp-json\/wp\/v2\/tags?post=14405"}],"curies":[{"name":"wp","href":"https:\/\/api.w.org\/{rel}","templated":true}]}}