{"id":14421,"date":"2024-01-29T07:32:56","date_gmt":"2024-01-29T06:32:56","guid":{"rendered":"https:\/\/fdp-aktiv.de\/blog\/?p=14421"},"modified":"2024-01-29T07:32:56","modified_gmt":"2024-01-29T06:32:56","slug":"berlin-lars-f-lindemann-mdb-generalsekretaer-der-fdp-berlin-zu-den-vom-landesamt-fuer-fluechtlingsangelegenheiten-vorgestellten-zahlen-fuer-das-jahr-2023","status":"publish","type":"post","link":"https:\/\/fdp-aktiv.de\/blog\/2024\/01\/29\/berlin-lars-f-lindemann-mdb-generalsekretaer-der-fdp-berlin-zu-den-vom-landesamt-fuer-fluechtlingsangelegenheiten-vorgestellten-zahlen-fuer-das-jahr-2023\/","title":{"rendered":"BERLIN. Lars F. Lindemann MdB, Generalsekret\u00e4r der FDP Berlin, zu den vom Landesamt f\u00fcr Fl\u00fcchtlingsangelegenheiten vorgestellten Zahlen f\u00fcr das Jahr 2023:"},"content":{"rendered":"<p><i>\u201eEs ist eine Frage der Menschlichkeit, dass Berlin vor Krieg und Tod Fl\u00fcchtende in der Stadt aufnimmt und ihnen eine sichere Unterkunft gew\u00e4hrleistet. Aber mittlerweile muss auch der Berliner Senat endlich anerkennen, dass die Stadt am Limit angekommen ist &#8211; die Grenzen der Belastbarkeit f\u00fcr Asylsuchende und die B\u00fcrger Berlins sind zum Teil bereits erheblich \u00fcberschritten. Die Prognosen der Beh\u00f6rden werden weit \u00fcbertroffen, die freien Kapazit\u00e4t des Landesamtes f\u00fcr Fl\u00fcchtlingsangelegenheiten liegen bei null und das Ankunftszentrum in Tegel ist ma\u00dflos \u00fcberf\u00fcllt. Darum muss der Berliner Senat endlich die Pull-Faktoren abbauen. Die Stadt braucht u.a. unverz\u00fcglich Bezahlkarten statt Bargeldleistungen. Auch der Winter-Abschiebestopp muss sofort aufgehoben werden und es braucht jetzt beschleunigte Abschiebeverfahren f\u00fcr Menschen aus Georgien und Moldau &#8211; beides sind mittlerweile sichere Herkunftsstaaten. Der Regierende B\u00fcrgermeister muss endlich F\u00fchrung \u00fcbernehmen und nicht weiter nur an der Seitenlinie stehen. Sonst schlittert die Hauptstadt ungebremst in eine gro\u00dfe Migrationskrise.\u201c<\/i><\/p>\n","protected":false},"excerpt":{"rendered":"<p>\u201eEs ist eine Frage der Menschlichkeit, dass Berlin vor Krieg und Tod Fl\u00fcchtende in der Stadt aufnimmt und ihnen eine sichere Unterkunft gew\u00e4hrleistet. Aber mittlerweile muss auch der Berliner Senat [&#8230;]<\/p>\n","protected":false},"author":1,"featured_media":10345,"comment_status":"open","ping_status":"closed","sticky":false,"template":"","format":"standard","meta":{"footnotes":""},"categories":[5],"tags":[706,2065,3242],"class_list":["post-14421","post","type-post","status-publish","format-standard","has-post-thumbnail","hentry","category-aussenpolitik","tag-fdp-berlin","tag-fluechtlinge","tag-lars-lindemann"],"_links":{"self":[{"href":"https:\/\/fdp-aktiv.de\/blog\/wp-json\/wp\/v2\/posts\/14421","targetHints":{"allow":["GET"]}}],"collection":[{"href":"https:\/\/fdp-aktiv.de\/blog\/wp-json\/wp\/v2\/posts"}],"about":[{"href":"https:\/\/fdp-aktiv.de\/blog\/wp-json\/wp\/v2\/types\/post"}],"author":[{"embeddable":true,"href":"https:\/\/fdp-aktiv.de\/blog\/wp-json\/wp\/v2\/users\/1"}],"replies":[{"embeddable":true,"href":"https:\/\/fdp-aktiv.de\/blog\/wp-json\/wp\/v2\/comments?post=14421"}],"version-history":[{"count":1,"href":"https:\/\/fdp-aktiv.de\/blog\/wp-json\/wp\/v2\/posts\/14421\/revisions"}],"predecessor-version":[{"id":14427,"href":"https:\/\/fdp-aktiv.de\/blog\/wp-json\/wp\/v2\/posts\/14421\/revisions\/14427"}],"wp:featuredmedia":[{"embeddable":true,"href":"https:\/\/fdp-aktiv.de\/blog\/wp-json\/wp\/v2\/media\/10345"}],"wp:attachment":[{"href":"https:\/\/fdp-aktiv.de\/blog\/wp-json\/wp\/v2\/media?parent=14421"}],"wp:term":[{"taxonomy":"category","embeddable":true,"href":"https:\/\/fdp-aktiv.de\/blog\/wp-json\/wp\/v2\/categories?post=14421"},{"taxonomy":"post_tag","embeddable":true,"href":"https:\/\/fdp-aktiv.de\/blog\/wp-json\/wp\/v2\/tags?post=14421"}],"curies":[{"name":"wp","href":"https:\/\/api.w.org\/{rel}","templated":true}]}}