{"id":14422,"date":"2024-01-29T07:30:38","date_gmt":"2024-01-29T06:30:38","guid":{"rendered":"https:\/\/fdp-aktiv.de\/blog\/?p=14422"},"modified":"2024-01-29T07:30:38","modified_gmt":"2024-01-29T06:30:38","slug":"thueringen-abschiebungen-durchsetzen-mehr-ordnung-und-haerte-sind-ein-gebot-der-vernunft","status":"publish","type":"post","link":"https:\/\/fdp-aktiv.de\/blog\/2024\/01\/29\/thueringen-abschiebungen-durchsetzen-mehr-ordnung-und-haerte-sind-ein-gebot-der-vernunft\/","title":{"rendered":"Th\u00fcringen &#8211; Abschiebungen durchsetzen: Mehr Ordnung und H\u00e4rte sind ein Gebot der Vernunft"},"content":{"rendered":"<div class=\"clearfix text-formatted field field--name-body field--type-text-with-summary field--label-hidden field__item\">\n<p><strong>FDP fordert Th\u00fcringer Landesregierung auf, das mit Stimmen von SPD und Gr\u00fcnen beschlossene R\u00fcckf\u00fchrungsverbesserungsgesetz konsequent anzuwenden<\/strong><\/p>\n<p>Um Abschiebungen durchzusetzen, muss die Th\u00fcringer Landesregierung mehr Ordnung und H\u00e4rte an den Tag legen. Die FDP im Th\u00fcringer Landtag fordert sie dazu auf, das jetzt vom Bundestag beschlossene R\u00fcckf\u00fchrungsverbesserungsgesetz konsequent anzuwenden. Das Gesetz ist auch mit den Stimmen von SPD und Gr\u00fcnen verabschiedet worden, die in Th\u00fcringen die beiden f\u00fcr Migration zust\u00e4ndigen Minister stellen.<\/p>\n<p>\u201eMit ihrer Symbolpolitik der offenen Arme hat die Ramelow-Regierung bislang kein einziges Problem in der Migration gel\u00f6st, sondern bestehende Probleme immer nur versch\u00e4rft. Um ein funktionierendes und von der Bev\u00f6lkerung akzeptiertes Asylsystem zu erhalten, braucht es ein neues, sich an den Realit\u00e4ten ausrichtendes Handeln. Mehr Ordnung und H\u00e4rte sind ein Gebot der Vernunft\u201c, erkl\u00e4rt Thomas L. Kemmerich, Vorsitzender der FDP im Th\u00fcringer Landtag. \u201eImmer wieder entziehen sich ausreisepflichtige Migranten trickreich ihrer Abschiebung. Der h\u00e4ufigste Grund, dass die Ausreisepflicht nicht vollzogen werden kann, ist das pl\u00f6tzliche Fehlen von Reisep\u00e4ssen. Aber auch das spontane Untertauchen geh\u00f6rt zum Alltag.\u201c In Th\u00fcringen sind im vergangen Jahr 728 Abschiebungen gescheitert, lediglich 242 wurden vollzogen*.<\/p>\n<p>Das R\u00fcckf\u00fchrungsverbesserungsgesetz schafft neue Voraussetzungen f\u00fcr den Vollzug rechtsstaatlicher Entscheidungen. Unter anderem k\u00f6nnen mehr Abschiebungen ohne vorherige Ank\u00fcndigung erfolgen. Falls n\u00f6tig, kommen Menschen l\u00e4nger in Ausreisegewahrsam (28 statt 10 Tage). Die Befugnisse der Beh\u00f6rden bei der Durchsuchung von Gemeinschaftsunterk\u00fcnften werden erweitert. Straft\u00e4ter und Gef\u00e4hrder k\u00f6nnen leichter abgeschoben werden.<\/p>\n<p>*Werte bis 31. Oktober 2023 \/ Quelle: Landesverwaltungsamt<\/p>\n<\/div>\n","protected":false},"excerpt":{"rendered":"<p>FDP fordert Th\u00fcringer Landesregierung auf, das mit Stimmen von SPD und Gr\u00fcnen beschlossene R\u00fcckf\u00fchrungsverbesserungsgesetz konsequent anzuwenden Um Abschiebungen durchzusetzen, muss die Th\u00fcringer Landesregierung mehr Ordnung und H\u00e4rte an den Tag [&#8230;]<\/p>\n","protected":false},"author":1,"featured_media":1115,"comment_status":"open","ping_status":"closed","sticky":false,"template":"","format":"standard","meta":{"footnotes":""},"categories":[5],"tags":[3741,669,271],"class_list":["post-14422","post","type-post","status-publish","format-standard","has-post-thumbnail","hentry","category-aussenpolitik","tag-abschiebung","tag-fdp-thueringen","tag-thomas-kemmerich"],"_links":{"self":[{"href":"https:\/\/fdp-aktiv.de\/blog\/wp-json\/wp\/v2\/posts\/14422","targetHints":{"allow":["GET"]}}],"collection":[{"href":"https:\/\/fdp-aktiv.de\/blog\/wp-json\/wp\/v2\/posts"}],"about":[{"href":"https:\/\/fdp-aktiv.de\/blog\/wp-json\/wp\/v2\/types\/post"}],"author":[{"embeddable":true,"href":"https:\/\/fdp-aktiv.de\/blog\/wp-json\/wp\/v2\/users\/1"}],"replies":[{"embeddable":true,"href":"https:\/\/fdp-aktiv.de\/blog\/wp-json\/wp\/v2\/comments?post=14422"}],"version-history":[{"count":1,"href":"https:\/\/fdp-aktiv.de\/blog\/wp-json\/wp\/v2\/posts\/14422\/revisions"}],"predecessor-version":[{"id":14426,"href":"https:\/\/fdp-aktiv.de\/blog\/wp-json\/wp\/v2\/posts\/14422\/revisions\/14426"}],"wp:featuredmedia":[{"embeddable":true,"href":"https:\/\/fdp-aktiv.de\/blog\/wp-json\/wp\/v2\/media\/1115"}],"wp:attachment":[{"href":"https:\/\/fdp-aktiv.de\/blog\/wp-json\/wp\/v2\/media?parent=14422"}],"wp:term":[{"taxonomy":"category","embeddable":true,"href":"https:\/\/fdp-aktiv.de\/blog\/wp-json\/wp\/v2\/categories?post=14422"},{"taxonomy":"post_tag","embeddable":true,"href":"https:\/\/fdp-aktiv.de\/blog\/wp-json\/wp\/v2\/tags?post=14422"}],"curies":[{"name":"wp","href":"https:\/\/api.w.org\/{rel}","templated":true}]}}