{"id":14429,"date":"2024-01-29T07:36:28","date_gmt":"2024-01-29T06:36:28","guid":{"rendered":"https:\/\/fdp-aktiv.de\/blog\/?p=14429"},"modified":"2024-01-29T15:07:18","modified_gmt":"2024-01-29T14:07:18","slug":"saarland-isringhaus-strukturen-der-ambulanten-und-stationaeren-gesundheitsversorgung-dringend-reformbeduerftig","status":"publish","type":"post","link":"https:\/\/fdp-aktiv.de\/blog\/2024\/01\/29\/saarland-isringhaus-strukturen-der-ambulanten-und-stationaeren-gesundheitsversorgung-dringend-reformbeduerftig\/","title":{"rendered":"Saarland &#8211; Isringhaus: Strukturen der ambulanten und station\u00e4ren Gesundheitsversorgung dringend reformbed\u00fcrftig"},"content":{"rendered":"<div class=\"clearfix text-formatted field field--name-field-body field--type-text-long field--label-hidden field__item\">\n<p><strong>Isringhaus (FDP) begr\u00fc\u00dft das neue Aktionsb\u00fcndnis Gesundheit f\u00fcr grundlegende Reformen im Gesundheitswesen und fordert von Minister Jung endlich eine aktive <a href=\"https:\/\/fdp-aktiv.de\/blog\/2021\/01\/29\/fdp-forderung-gesundheitspolitik-2\/\" data-internallinksmanager029f6b8e52c=\"9\" title=\"FDP Forderung Gesundheitspolitik\" target=\"_blank\" rel=\"noopener\">Gesundheitspolitik<\/a> f\u00fcr das Saarland.<\/strong><\/p>\n<p>Die FDP Saar begr\u00fc\u00dft das neue gegr\u00fcndete Aktionsb\u00fcndnis Gesundheit und unterst\u00fctzt seine Forderungen ausdr\u00fccklich. Allerdings fehlt der FDP noch der praktische Aspekt, wie wegweisende Reformen auf Landesebene auch praktisch umgesetzt werden k\u00f6nnen. Nach Ansicht der FDP ist hier der Gesundheitsminister in der Pflicht.<br \/>\nDer Gesundheitsminister ist nun gefordert, in Gespr\u00e4chen mit den Beteiligten am Aktionsb\u00fcndnis Gesundheit, aber auch mit anderen Akteuren wie Krankenkassen, Krankenhaustr\u00e4gern und Marburger Bund aktiv die Weiterentwicklung des Gesundheitssystems voranzutreiben. Ein wichtiges Thema dabei ist auch die Frage, wie die Krankenhauslandschaft in Zukunft aussehen k\u00f6nnte.<\/p>\n<p>Dazu der gesundheitspolitische Sprecher der FDP Saar, Dr. Helmut Isringhaus: \u201eWarum auf die Lauterbach\u2019sche Krankenhausreform warten? Sie wird erst sp\u00e4ter als gedacht ihre Wirkung entfalten, und mehr Geld kommt dadurch nicht ins System.\u00a0\u00a0Die Vorhaltepauschalen sind schlechter als angenommen. Man muss das Gesundheitssystem als Ganzes denken und daf\u00fcr jetzt die richtigen Weichen stellen. Mit dem hilflosen Versuch des Einsetzens dieser sogenannten Expertenkommission f\u00fcr die Krankenhausplanung ist es nicht getan. Ich erwarte jetzt ein zielgerichtetes Agieren des Gesundheitsministers entsprechend den Forderungen des Aktionsb\u00fcndnisses. Die Passivit\u00e4t des Ministers schadet dem ganzen Land. Die Gr\u00fcndung des Aktionsb\u00fcndnisses ist ein Hilferuf.\u201c<\/p>\n<\/div>\n","protected":false},"excerpt":{"rendered":"<p>Isringhaus (FDP) begr\u00fc\u00dft das neue Aktionsb\u00fcndnis Gesundheit f\u00fcr grundlegende Reformen im Gesundheitswesen und fordert von Minister Jung endlich eine aktive Gesundheitspolitik f\u00fcr das Saarland. Die FDP Saar begr\u00fc\u00dft das neue [&#8230;]<\/p>\n","protected":false},"author":1,"featured_media":12816,"comment_status":"open","ping_status":"closed","sticky":false,"template":"","format":"standard","meta":{"footnotes":""},"categories":[123],"tags":[3960,707,708,968,3961],"class_list":["post-14429","post","type-post","status-publish","format-standard","has-post-thumbnail","hentry","category-gesundheit","tag-ambulant","tag-dr-helmut-isringhaus","tag-fdp-saar","tag-gesundheitsversorgung","tag-stationaer"],"_links":{"self":[{"href":"https:\/\/fdp-aktiv.de\/blog\/wp-json\/wp\/v2\/posts\/14429","targetHints":{"allow":["GET"]}}],"collection":[{"href":"https:\/\/fdp-aktiv.de\/blog\/wp-json\/wp\/v2\/posts"}],"about":[{"href":"https:\/\/fdp-aktiv.de\/blog\/wp-json\/wp\/v2\/types\/post"}],"author":[{"embeddable":true,"href":"https:\/\/fdp-aktiv.de\/blog\/wp-json\/wp\/v2\/users\/1"}],"replies":[{"embeddable":true,"href":"https:\/\/fdp-aktiv.de\/blog\/wp-json\/wp\/v2\/comments?post=14429"}],"version-history":[{"count":2,"href":"https:\/\/fdp-aktiv.de\/blog\/wp-json\/wp\/v2\/posts\/14429\/revisions"}],"predecessor-version":[{"id":14434,"href":"https:\/\/fdp-aktiv.de\/blog\/wp-json\/wp\/v2\/posts\/14429\/revisions\/14434"}],"wp:featuredmedia":[{"embeddable":true,"href":"https:\/\/fdp-aktiv.de\/blog\/wp-json\/wp\/v2\/media\/12816"}],"wp:attachment":[{"href":"https:\/\/fdp-aktiv.de\/blog\/wp-json\/wp\/v2\/media?parent=14429"}],"wp:term":[{"taxonomy":"category","embeddable":true,"href":"https:\/\/fdp-aktiv.de\/blog\/wp-json\/wp\/v2\/categories?post=14429"},{"taxonomy":"post_tag","embeddable":true,"href":"https:\/\/fdp-aktiv.de\/blog\/wp-json\/wp\/v2\/tags?post=14429"}],"curies":[{"name":"wp","href":"https:\/\/api.w.org\/{rel}","templated":true}]}}