{"id":14432,"date":"2024-01-29T15:07:14","date_gmt":"2024-01-29T14:07:14","guid":{"rendered":"https:\/\/fdp-aktiv.de\/blog\/?p=14432"},"modified":"2024-06-20T22:48:43","modified_gmt":"2024-06-20T20:48:43","slug":"hamburg-moring-mit-autonomen-s-bahnen-fuer-mehr-unabhaengigkeit-bei-streiks-sorgen","status":"publish","type":"post","link":"https:\/\/fdp-aktiv.de\/blog\/2024\/01\/29\/hamburg-moring-mit-autonomen-s-bahnen-fuer-mehr-unabhaengigkeit-bei-streiks-sorgen\/","title":{"rendered":"Hamburg \u2013 Moring: Mit autonomen S-Bahnen f\u00fcr mehr Unabh\u00e4ngigkeit bei Streiks sorgen"},"content":{"rendered":"<div class=\"clearfix text-formatted field field--name-body field--type-text-with-summary field--label-hidden field__item\">\n<p><strong>Zum GDL-Streik erkl\u00e4rt der stv. FDP-Landesvorsitzende Prof. Andreas Moring:<\/strong><\/p>\n<p>\u201eDie Hamburgerinnen und Hamburger m\u00fcssen knapp eine Woche Bahnstreik ertragen, im Fernverkehr und genauso im \u00d6PNV. Kern des Problems im aktuellen Tarifkonflikt ist der Fachkr\u00e4ftemangel und der wird k\u00fcnftig noch brisanter werden. Mit autonom fahrenden S- und U-Bahnen w\u00fcrden gleich zwei Probleme gemildert. Gerade bei anstrengenden Sp\u00e4tschichten k\u00f6nnten die Fahrerinnen und Fahrer entlastet werden. Gleichzeitig lie\u00dfe sich auf wichtigen Strecken durch selbstfahrende Bahnen mehr Unabh\u00e4ngigkeit bei Streiks erreichen.<\/p>\n<p>Der Hamburger Senat r\u00fchmt sich wegen der Verkehrswende und versucht Hamburg als \u201eSmart City\u201c zu verkaufen. Die M\u00f6glichkeiten der Digitalisierung werden dabei jedoch so gut wie gar nicht genutzt. Wenn Fachkr\u00e4fte fehlen, dann muss in Zukunft K\u00fcnstliche Intelligenz viele Jobs von Menschen \u00fcbernehmen. Zum Beispiel autonomes Zugfahren, digitale Verkehrsplanung bei Z\u00fcgen, Optimierung von Ressourcen und Taktungen oder Instandhaltungsma\u00dfnahmen. Dann w\u00e4ren Streiks wie der jetzige praktisch \u00fcberfl\u00fcssig und h\u00e4tten keine derart negativen Auswirkungen auf viele Bereiche unseres Lebens. Anstatt sich in gr\u00fcnen Wunschtr\u00e4umen zum Verkehr der Zukunft ohne Autos zu verlieren, sollte der Senat die KI-L\u00f6sungen nutzen, die es bereits in der Industrie gibt und damit eine intelligente Politik f\u00fcr Mensch, Wirtschaft und Umwelt machen.\u201c<\/p>\n<\/div>\n","protected":false},"excerpt":{"rendered":"<p>Zum GDL-Streik erkl\u00e4rt der stv. FDP-Landesvorsitzende Prof. Andreas Moring: \u201eDie Hamburgerinnen und Hamburger m\u00fcssen knapp eine Woche Bahnstreik ertragen, im Fernverkehr und genauso im \u00d6PNV. Kern des Problems im aktuellen [&#8230;]<\/p>\n","protected":false},"author":1,"featured_media":5069,"comment_status":"open","ping_status":"closed","sticky":false,"template":"","format":"standard","meta":{"footnotes":""},"categories":[144],"tags":[],"class_list":["post-14432","post","type-post","status-publish","format-standard","has-post-thumbnail","hentry","category-verkehr-innenpolitik"],"_links":{"self":[{"href":"https:\/\/fdp-aktiv.de\/blog\/wp-json\/wp\/v2\/posts\/14432","targetHints":{"allow":["GET"]}}],"collection":[{"href":"https:\/\/fdp-aktiv.de\/blog\/wp-json\/wp\/v2\/posts"}],"about":[{"href":"https:\/\/fdp-aktiv.de\/blog\/wp-json\/wp\/v2\/types\/post"}],"author":[{"embeddable":true,"href":"https:\/\/fdp-aktiv.de\/blog\/wp-json\/wp\/v2\/users\/1"}],"replies":[{"embeddable":true,"href":"https:\/\/fdp-aktiv.de\/blog\/wp-json\/wp\/v2\/comments?post=14432"}],"version-history":[{"count":1,"href":"https:\/\/fdp-aktiv.de\/blog\/wp-json\/wp\/v2\/posts\/14432\/revisions"}],"predecessor-version":[{"id":14433,"href":"https:\/\/fdp-aktiv.de\/blog\/wp-json\/wp\/v2\/posts\/14432\/revisions\/14433"}],"wp:featuredmedia":[{"embeddable":true,"href":"https:\/\/fdp-aktiv.de\/blog\/wp-json\/wp\/v2\/media\/5069"}],"wp:attachment":[{"href":"https:\/\/fdp-aktiv.de\/blog\/wp-json\/wp\/v2\/media?parent=14432"}],"wp:term":[{"taxonomy":"category","embeddable":true,"href":"https:\/\/fdp-aktiv.de\/blog\/wp-json\/wp\/v2\/categories?post=14432"},{"taxonomy":"post_tag","embeddable":true,"href":"https:\/\/fdp-aktiv.de\/blog\/wp-json\/wp\/v2\/tags?post=14432"}],"curies":[{"name":"wp","href":"https:\/\/api.w.org\/{rel}","templated":true}]}}