{"id":14440,"date":"2024-01-31T05:43:30","date_gmt":"2024-01-31T04:43:30","guid":{"rendered":"https:\/\/fdp-aktiv.de\/blog\/?p=14440"},"modified":"2024-01-31T05:43:30","modified_gmt":"2024-01-31T04:43:30","slug":"thueringen-kemmerich-mpk-beschluss-zu-bezahlkarten-endlich-umsetzen","status":"publish","type":"post","link":"https:\/\/fdp-aktiv.de\/blog\/2024\/01\/31\/thueringen-kemmerich-mpk-beschluss-zu-bezahlkarten-endlich-umsetzen\/","title":{"rendered":"Th\u00fcringen &#8211; Kemmerich: MPK-Beschluss zu Bezahlkarten endlich umsetzen"},"content":{"rendered":"<div class=\"clearfix text-formatted field field--name-body field--type-text-with-summary field--label-hidden field__item\">\n<p><strong>Thomas L. Kemmerich: Ramelow-Regierung torpediert jede Bem\u00fchung, die Anreize f\u00fcr irregul\u00e4re Einwanderung zu senken<\/strong><\/p>\n<p>Die Th\u00fcringer Landesregierung soll endlich ihre Zusage einl\u00f6sen und landesweit Bezahlkarten f\u00fcr Asylbewerber einf\u00fchren. Das fordert die FDP im Th\u00fcringer Landtag. Laut Beschluss der Ministerpr\u00e4sidentenkonferenz vom vergangenen November sollte bis zum 31. Januar 2024 das Modell f\u00fcr eine einheitliche Bezahlkarte stehen. Angesichts der Tatenlosigkeit der Th\u00fcringer Landeregierung setzen inzwischen immer mehr Landkreise individuelle L\u00f6sungen um.<\/p>\n<p>\u201eEs frustriert die Menschen, dass l\u00e4ngst verabredete Ma\u00dfnahmen f\u00fcr mehr Ordnung und Kontrolle auf die lange Bank geschoben werden. Das Nichtstun der Ramelow-Regierung l\u00e4sst nur einen Schluss zu. Entweder ist sie unf\u00e4hig oder aber unwillig, einem von ihr getragenen MPK-Beschluss auch Taten folgen zu lassen. Wieder einmal erweist sich Bodo Ramelow als H\u00e4uptling Doppelzunge. Deutlicher kann er nicht eingestehen, dass seine Regierung abgewirtschaftet hat. Sie torpediert jede Bem\u00fchung, die Anreize f\u00fcr irregul\u00e4re Einwanderung zu senken\u201c, erkl\u00e4rt Thomas L. Kemmerich, Vorsitzender der FDP im Th\u00fcringer Landtag.<\/p>\n<p>Das Fehlen einer einheitlichen L\u00f6sung zwingt die Landkreise und kreisfreien St\u00e4dte dazu, kleine L\u00f6sungen umzusetzen. Der Aufwand daf\u00fcr ist erheblich gr\u00f6\u00dfer als bei einer landesweit standardisierten Bezahlkarte. Au\u00dferdem k\u00f6nnen Migranten versucht sein, in Regionen ohne Bezahlkarte auszuweichen. Das System kann nur dann effektiv funktionieren, wenn sich kein Bundesland dem MPK-Beschluss entzieht.<\/p>\n<\/div>\n","protected":false},"excerpt":{"rendered":"<p>Thomas L. Kemmerich: Ramelow-Regierung torpediert jede Bem\u00fchung, die Anreize f\u00fcr irregul\u00e4re Einwanderung zu senken Die Th\u00fcringer Landesregierung soll endlich ihre Zusage einl\u00f6sen und landesweit Bezahlkarten f\u00fcr Asylbewerber einf\u00fchren. Das fordert [&#8230;]<\/p>\n","protected":false},"author":1,"featured_media":1115,"comment_status":"open","ping_status":"closed","sticky":false,"template":"","format":"standard","meta":{"footnotes":""},"categories":[5],"tags":[3788,669,271],"class_list":["post-14440","post","type-post","status-publish","format-standard","has-post-thumbnail","hentry","category-aussenpolitik","tag-bezahlkarten","tag-fdp-thueringen","tag-thomas-kemmerich"],"_links":{"self":[{"href":"https:\/\/fdp-aktiv.de\/blog\/wp-json\/wp\/v2\/posts\/14440","targetHints":{"allow":["GET"]}}],"collection":[{"href":"https:\/\/fdp-aktiv.de\/blog\/wp-json\/wp\/v2\/posts"}],"about":[{"href":"https:\/\/fdp-aktiv.de\/blog\/wp-json\/wp\/v2\/types\/post"}],"author":[{"embeddable":true,"href":"https:\/\/fdp-aktiv.de\/blog\/wp-json\/wp\/v2\/users\/1"}],"replies":[{"embeddable":true,"href":"https:\/\/fdp-aktiv.de\/blog\/wp-json\/wp\/v2\/comments?post=14440"}],"version-history":[{"count":1,"href":"https:\/\/fdp-aktiv.de\/blog\/wp-json\/wp\/v2\/posts\/14440\/revisions"}],"predecessor-version":[{"id":14441,"href":"https:\/\/fdp-aktiv.de\/blog\/wp-json\/wp\/v2\/posts\/14440\/revisions\/14441"}],"wp:featuredmedia":[{"embeddable":true,"href":"https:\/\/fdp-aktiv.de\/blog\/wp-json\/wp\/v2\/media\/1115"}],"wp:attachment":[{"href":"https:\/\/fdp-aktiv.de\/blog\/wp-json\/wp\/v2\/media?parent=14440"}],"wp:term":[{"taxonomy":"category","embeddable":true,"href":"https:\/\/fdp-aktiv.de\/blog\/wp-json\/wp\/v2\/categories?post=14440"},{"taxonomy":"post_tag","embeddable":true,"href":"https:\/\/fdp-aktiv.de\/blog\/wp-json\/wp\/v2\/tags?post=14440"}],"curies":[{"name":"wp","href":"https:\/\/api.w.org\/{rel}","templated":true}]}}