{"id":14499,"date":"2024-02-04T06:57:28","date_gmt":"2024-02-04T05:57:28","guid":{"rendered":"https:\/\/fdp-aktiv.de\/blog\/?p=14499"},"modified":"2024-02-04T06:57:28","modified_gmt":"2024-02-04T05:57:28","slug":"hessen-promny-startchancenprogramm-konsequent-umsetzen","status":"publish","type":"post","link":"https:\/\/fdp-aktiv.de\/blog\/2024\/02\/04\/hessen-promny-startchancenprogramm-konsequent-umsetzen\/","title":{"rendered":"Hessen &#8211; PROMNY: Startchancenprogramm konsequent umsetzen"},"content":{"rendered":"<ul>\n<li>\n<div class=\"clearfix text-formatted field field--name-body field--type-text-with-summary field--label-hidden field__item\">\n<ul>\n<li><strong>Schwarz darf Programm nicht kleinreden<\/strong><\/li>\n<li><strong>Bildungspolitische Trendwende gelingt nur gemeinsam<\/strong><\/li>\n<li><strong>Was Hessen schon gemacht hat, hat nicht gereicht<\/strong><\/li>\n<\/ul>\n<p>Moritz Promny, bildungspolitischer Sprecher der Freien Demokraten im Hessischen Landtag, hat Bildungsminister Armin Schwarz aufgefordert, das von Bund und L\u00e4ndern beschlossene Startchancenprogramm konsequent umzusetzen: \u201eDass in den kommenden zehn Jahren allein in Hessen rund 320 Schulen sowie dort lernende, sozial benachteiligte Sch\u00fclerinnen und Sch\u00fcler von dem Programm profitieren k\u00f6nnen, ist eine gute Nachricht. Denn nicht zuletzt die j\u00fcngste PISA-Studie hat den gro\u00dfen Handlungsdruck im Bereich der Bildung gezeigt. Dass 320 hessische Schulen vom Programm profitieren sollen, zeigt aber auch, dass in Hessen ein gro\u00dfer Bedarf an F\u00f6rderung besteht\u201c, erkl\u00e4rt Promny. Von daher sei es irref\u00fchrend, dass der hessische Minister in seinen heutigen \u00c4u\u00dferungen betone, welche Unterst\u00fctzung Hessen bereits leiste. \u201eEs hat offenkundig noch nicht gereicht.\u201c<\/p>\n<p>Promny betont: \u201eDer neue Bildungsminister sollte jetzt der Versuchung widerstehen, das Programm kleinzureden. Was das Bildungssystem am wenigsten braucht, sind Vorw\u00fcrfe oder Zust\u00e4ndigkeitsdebatten zwischen L\u00e4ndern und dem Bund. Wichtig ist vielmehr, dass Bund und L\u00e4nder an einem Strang ziehen, um die bildungspolitische Trendwende zu schaffen und f\u00fcr mehr Chancengerechtigkeit zu sorgen. Wir k\u00f6nnen nicht hinnehmen, dass der Bildungserfolg noch immer stark von der sozialen Herkunft abh\u00e4ngt. Aus diesem Grund werden mit dem Startchancenprogramm gezielt Schulen mit einem hohen Anteil sozial benachteiligter Sch\u00fclerinnen und Sch\u00fcler unterst\u00fctzt.\u201c<\/p>\n<p>Bei dem Programm, das \u00fcber zehn Jahre l\u00e4uft, handelt es sich um das gr\u00f6\u00dfte und langfristigste Bildungsprogramm in der bundesdeutschen Geschichte.<\/p>\n<\/div>\n<\/li>\n<\/ul>\n","protected":false},"excerpt":{"rendered":"<p>Schwarz darf Programm nicht kleinreden Bildungspolitische Trendwende gelingt nur gemeinsam Was Hessen schon gemacht hat, hat nicht gereicht Moritz Promny, bildungspolitischer Sprecher der Freien Demokraten im Hessischen Landtag, hat Bildungsminister [&#8230;]<\/p>\n","protected":false},"author":1,"featured_media":4246,"comment_status":"open","ping_status":"closed","sticky":false,"template":"","format":"standard","meta":{"footnotes":""},"categories":[34],"tags":[635,893,3338],"class_list":["post-14499","post","type-post","status-publish","format-standard","has-post-thumbnail","hentry","category-bildung","tag-fdp-hessen","tag-moritz-promny","tag-startchancenprogramm"],"_links":{"self":[{"href":"https:\/\/fdp-aktiv.de\/blog\/wp-json\/wp\/v2\/posts\/14499","targetHints":{"allow":["GET"]}}],"collection":[{"href":"https:\/\/fdp-aktiv.de\/blog\/wp-json\/wp\/v2\/posts"}],"about":[{"href":"https:\/\/fdp-aktiv.de\/blog\/wp-json\/wp\/v2\/types\/post"}],"author":[{"embeddable":true,"href":"https:\/\/fdp-aktiv.de\/blog\/wp-json\/wp\/v2\/users\/1"}],"replies":[{"embeddable":true,"href":"https:\/\/fdp-aktiv.de\/blog\/wp-json\/wp\/v2\/comments?post=14499"}],"version-history":[{"count":1,"href":"https:\/\/fdp-aktiv.de\/blog\/wp-json\/wp\/v2\/posts\/14499\/revisions"}],"predecessor-version":[{"id":14502,"href":"https:\/\/fdp-aktiv.de\/blog\/wp-json\/wp\/v2\/posts\/14499\/revisions\/14502"}],"wp:featuredmedia":[{"embeddable":true,"href":"https:\/\/fdp-aktiv.de\/blog\/wp-json\/wp\/v2\/media\/4246"}],"wp:attachment":[{"href":"https:\/\/fdp-aktiv.de\/blog\/wp-json\/wp\/v2\/media?parent=14499"}],"wp:term":[{"taxonomy":"category","embeddable":true,"href":"https:\/\/fdp-aktiv.de\/blog\/wp-json\/wp\/v2\/categories?post=14499"},{"taxonomy":"post_tag","embeddable":true,"href":"https:\/\/fdp-aktiv.de\/blog\/wp-json\/wp\/v2\/tags?post=14499"}],"curies":[{"name":"wp","href":"https:\/\/api.w.org\/{rel}","templated":true}]}}