{"id":1450,"date":"2021-05-26T17:31:48","date_gmt":"2021-05-26T15:31:48","guid":{"rendered":"https:\/\/fdp-aktiv.de\/blog\/?p=1450"},"modified":"2021-05-26T17:31:48","modified_gmt":"2021-05-26T15:31:48","slug":"die-menschen-nicht-laenger-kirre-machen","status":"publish","type":"post","link":"https:\/\/fdp-aktiv.de\/blog\/2021\/05\/26\/die-menschen-nicht-laenger-kirre-machen\/","title":{"rendered":"Die Menschen nicht l\u00e4nger kirre machen"},"content":{"rendered":"<div class=\"clearfix text-formatted field field--name-body field--type-text-with-summary field--label-hidden field__item\">\n<p><strong>FDP-Fraktion fordert lebensnahe \u00d6ffnungsperspektiven statt ewig neuer Einschr\u00e4nkungen<\/strong><\/p>\n<p>Am Donnerstag beraten Aussch\u00fcsse des Th\u00fcringer Landtags den Entwurf der Landesregierung zur Corona-Verordnung. Dazu erkl\u00e4rt Thomas L. Kemmerich, Vorsitzender der FDP-Fraktion:<\/p>\n<figure id=\"attachment_1115\" aria-describedby=\"caption-attachment-1115\" style=\"width: 790px\" class=\"wp-caption alignnone\"><img loading=\"lazy\" decoding=\"async\" class=\"size-full wp-image-1115\" src=\"https:\/\/fdp-aktiv.de\/blog\/wp-content\/uploads\/2021\/04\/Thoms-Kemmerich.jpg\" alt=\"Thomas L. Kemmerich\" width=\"790\" height=\"700\" srcset=\"https:\/\/fdp-aktiv.de\/blog\/wp-content\/uploads\/2021\/04\/Thoms-Kemmerich.jpg 790w, https:\/\/fdp-aktiv.de\/blog\/wp-content\/uploads\/2021\/04\/Thoms-Kemmerich-300x266.jpg 300w, https:\/\/fdp-aktiv.de\/blog\/wp-content\/uploads\/2021\/04\/Thoms-Kemmerich-768x681.jpg 768w\" sizes=\"auto, (max-width: 790px) 100vw, 790px\" \/><figcaption id=\"caption-attachment-1115\" class=\"wp-caption-text\">Thomas L. Kemmerich<\/figcaption><\/figure>\n<p>\u201eMit dem sklavischen Festhalten an Inzidenzwerten muss endlich Schluss sein. Die Landesregierung m\u00f6chte weiterhin Einschr\u00e4nkungen f\u00fcr Inzidenzwerte ab 10, ab 35, ab 50 und ab 100 festschreiben. Wer soll bei diesem Kleinklein eigentlich noch durchblicken? Wer soll das \u00fcberhaupt kontrollieren? Statt die Menschen kirre zu machen, muss die rot-rot-gr\u00fcne Regierung endlich lebensnahe \u00d6ffnungsperspektiven erm\u00f6glichen. Die Testpflicht f\u00fcr Kunden des Einzelhandels ist ebenso unsinnig wie die Reservierungspflicht f\u00fcr Pl\u00e4tze in der Au\u00dfengastronomie, von den weiterhin geschlossenen Kultureinrichtungen ganz zu schweigen. Es braucht keine Verbote, sondern ein konsequentes Setzen auf Schutz- und Hygienekonzepte. Warum bringt die Landesregierung den Menschen nicht das Vertrauen entgegen, dass sie sich w\u00e4hrend der Pandemie verdient haben?\u201c<\/p>\n<\/div>\n","protected":false},"excerpt":{"rendered":"<p>FDP-Fraktion fordert lebensnahe \u00d6ffnungsperspektiven statt ewig neuer Einschr\u00e4nkungen Am Donnerstag beraten Aussch\u00fcsse des Th\u00fcringer Landtags den Entwurf der Landesregierung zur Corona-Verordnung. Dazu erkl\u00e4rt Thomas L. Kemmerich, Vorsitzender der FDP-Fraktion: \u201eMit [&#8230;]<\/p>\n","protected":false},"author":1,"featured_media":0,"comment_status":"open","ping_status":"closed","sticky":false,"template":"","format":"standard","meta":{"footnotes":""},"categories":[4,8],"tags":[16,669,271,127],"class_list":["post-1450","post","type-post","status-publish","format-standard","hentry","category-covid-19","category-wirtschaft","tag-corona","tag-fdp-thueringen","tag-thomas-kemmerich","tag-verordnung"],"_links":{"self":[{"href":"https:\/\/fdp-aktiv.de\/blog\/wp-json\/wp\/v2\/posts\/1450","targetHints":{"allow":["GET"]}}],"collection":[{"href":"https:\/\/fdp-aktiv.de\/blog\/wp-json\/wp\/v2\/posts"}],"about":[{"href":"https:\/\/fdp-aktiv.de\/blog\/wp-json\/wp\/v2\/types\/post"}],"author":[{"embeddable":true,"href":"https:\/\/fdp-aktiv.de\/blog\/wp-json\/wp\/v2\/users\/1"}],"replies":[{"embeddable":true,"href":"https:\/\/fdp-aktiv.de\/blog\/wp-json\/wp\/v2\/comments?post=1450"}],"version-history":[{"count":1,"href":"https:\/\/fdp-aktiv.de\/blog\/wp-json\/wp\/v2\/posts\/1450\/revisions"}],"predecessor-version":[{"id":1451,"href":"https:\/\/fdp-aktiv.de\/blog\/wp-json\/wp\/v2\/posts\/1450\/revisions\/1451"}],"wp:attachment":[{"href":"https:\/\/fdp-aktiv.de\/blog\/wp-json\/wp\/v2\/media?parent=1450"}],"wp:term":[{"taxonomy":"category","embeddable":true,"href":"https:\/\/fdp-aktiv.de\/blog\/wp-json\/wp\/v2\/categories?post=1450"},{"taxonomy":"post_tag","embeddable":true,"href":"https:\/\/fdp-aktiv.de\/blog\/wp-json\/wp\/v2\/tags?post=1450"}],"curies":[{"name":"wp","href":"https:\/\/api.w.org\/{rel}","templated":true}]}}