{"id":14519,"date":"2024-02-08T02:39:13","date_gmt":"2024-02-08T01:39:13","guid":{"rendered":"https:\/\/fdp-aktiv.de\/blog\/?p=14519"},"modified":"2024-02-08T02:39:13","modified_gmt":"2024-02-08T01:39:13","slug":"funke-kaiser-lnternationale-digitalstrategie-legt-groessten-wert-auf-buerger-und-menschenrechte","status":"publish","type":"post","link":"https:\/\/fdp-aktiv.de\/blog\/2024\/02\/08\/funke-kaiser-lnternationale-digitalstrategie-legt-groessten-wert-auf-buerger-und-menschenrechte\/","title":{"rendered":"FUNKE-KAISER: lnternationale Digitalstrategie legt gr\u00f6\u00dften Wert auf B\u00fcrger- und Menschenrechte"},"content":{"rendered":"<p>Zum Entwurf einer Strategie f\u00fcr die Internationale Digitalpolitik der Bundesregierung erkl\u00e4rt der digitalpolitische Sprecher der FDP-Fraktion Maximilian Funke-Kaiser:<\/p>\n<p>\u201eDie internationale Digitalstrategie der Bundesregierung steht ganz im Zeichen des liberalen Multilateralismus. Wir werden Standards und Normen in den internationalen Gremien aktiv mitgestalten, denn hierauf basiert Deutschlands Zukunft innerhalb der Technologiebranche. Der G7-Abstimmungsprozess zu K\u00fcnstlicher Intelligenz zeigt eindrucksvoll, was die Bundesrepublik mit selbstbewusstem Auftreten im Bereich der Regulierung erreichen kann. Internationale Einbringung st\u00e4rkt Europas Wettbewerbsf\u00e4higkeit und unsere wirtschaftlichen Partnerschaften. So bilden wir ein demokratisches Gegengewicht zu den autorit\u00e4ren Kr\u00e4ften und ihren Versuchen, die Standardisierung im Sinne ihrer Interessen zu beeinflussen. Vor diesem Hintergrund legt die internationale Digitalstrategie gr\u00f6\u00dften Wert auf B\u00fcrger- und Menschenrechte weltweit. So wie die Freien Demokraten die Privatsph\u00e4re gegen die Chatkontrolle verteidigt haben, setzen wir uns auch f\u00fcr Meinungsfreiheit und Datenschutz in der digitalen Welt ein.\u201c<\/p>\n","protected":false},"excerpt":{"rendered":"<p>Zum Entwurf einer Strategie f\u00fcr die Internationale Digitalpolitik der Bundesregierung erkl\u00e4rt der digitalpolitische Sprecher der FDP-Fraktion Maximilian Funke-Kaiser: \u201eDie internationale Digitalstrategie der Bundesregierung steht ganz im Zeichen des liberalen Multilateralismus. [&#8230;]<\/p>\n","protected":false},"author":1,"featured_media":5741,"comment_status":"open","ping_status":"closed","sticky":false,"template":"","format":"standard","meta":{"footnotes":""},"categories":[68],"tags":[155,1962,67],"class_list":["post-14519","post","type-post","status-publish","format-standard","has-post-thumbnail","hentry","category-digital","tag-digitalisierung","tag-maximilian-funke-kaiser","tag-strategie"],"_links":{"self":[{"href":"https:\/\/fdp-aktiv.de\/blog\/wp-json\/wp\/v2\/posts\/14519","targetHints":{"allow":["GET"]}}],"collection":[{"href":"https:\/\/fdp-aktiv.de\/blog\/wp-json\/wp\/v2\/posts"}],"about":[{"href":"https:\/\/fdp-aktiv.de\/blog\/wp-json\/wp\/v2\/types\/post"}],"author":[{"embeddable":true,"href":"https:\/\/fdp-aktiv.de\/blog\/wp-json\/wp\/v2\/users\/1"}],"replies":[{"embeddable":true,"href":"https:\/\/fdp-aktiv.de\/blog\/wp-json\/wp\/v2\/comments?post=14519"}],"version-history":[{"count":1,"href":"https:\/\/fdp-aktiv.de\/blog\/wp-json\/wp\/v2\/posts\/14519\/revisions"}],"predecessor-version":[{"id":14520,"href":"https:\/\/fdp-aktiv.de\/blog\/wp-json\/wp\/v2\/posts\/14519\/revisions\/14520"}],"wp:featuredmedia":[{"embeddable":true,"href":"https:\/\/fdp-aktiv.de\/blog\/wp-json\/wp\/v2\/media\/5741"}],"wp:attachment":[{"href":"https:\/\/fdp-aktiv.de\/blog\/wp-json\/wp\/v2\/media?parent=14519"}],"wp:term":[{"taxonomy":"category","embeddable":true,"href":"https:\/\/fdp-aktiv.de\/blog\/wp-json\/wp\/v2\/categories?post=14519"},{"taxonomy":"post_tag","embeddable":true,"href":"https:\/\/fdp-aktiv.de\/blog\/wp-json\/wp\/v2\/tags?post=14519"}],"curies":[{"name":"wp","href":"https:\/\/api.w.org\/{rel}","templated":true}]}}