{"id":1452,"date":"2021-05-27T06:21:27","date_gmt":"2021-05-27T04:21:27","guid":{"rendered":"https:\/\/fdp-aktiv.de\/blog\/?p=1452"},"modified":"2021-05-27T06:21:27","modified_gmt":"2021-05-27T04:21:27","slug":"impfstoffe-werden-fuer-kinder-zurueckgehalten","status":"publish","type":"post","link":"https:\/\/fdp-aktiv.de\/blog\/2021\/05\/27\/impfstoffe-werden-fuer-kinder-zurueckgehalten\/","title":{"rendered":"Impfstoffe werden f\u00fcr Kinder zur\u00fcckgehalten"},"content":{"rendered":"<div class=\"clearfix text-formatted field field--name-body field--type-text-with-summary field--label-hidden field__item\">\n<p>In Th\u00fcringen soll die Impfung von Kindern und Jugendlichen gegen Corona zeitnah beginnen. Dazu erkl\u00e4rt Robert-Martin Montag, gesundheitspolitischer Sprecher der FDP-Fraktion:<\/p>\n<figure style=\"width: 790px\" class=\"wp-caption alignnone\"><img loading=\"lazy\" decoding=\"async\" class=\"n3VNCb\" src=\"https:\/\/www.thueringer-landtag.de\/uploads\/tx_tltpasta\/personImages\/detail\/728.jpg\" alt=\"Robert-Martin Montag | Th\u00fcringer Landtag\" width=\"790\" height=\"700\" data-noaft=\"1\" \/><figcaption class=\"wp-caption-text\">Robert-Martin Montag<\/figcaption><\/figure>\n<p>\u201eImpfen, impfen, impfen \u2013 das ist und bleibt der K\u00f6nigsweg zur\u00fcck in ein normales Leben. Es ist deshalb richtig und wichtig, auch Kindern und Jugendlichen ein Impfangebot zu machen. Allerdings gleicht die Impfpraxis noch immer dem Ziehen an einer viel zu kurzen Bettdecke.<\/p>\n<p>Nach wie vor stehen zu wenig Impfstoffe zur Verf\u00fcgung. Derzeit werden BioNTech\/Pfizer-Dosen zur\u00fcckgehalten, um f\u00fcr den Start der Kampagne bei Kindern bevorratet zu sein. Das hei\u00dft auch aber, dass entsprechend weniger Erwachsene geimpft werden. Von dem vielzitierten Impfturbo kann leider noch keine Rede sein.\u201c<\/p>\n<h3>Quelle:<\/h3>\n<p><a href=\"http:\/\/fdpltth.de\">fdpltth.de<\/a>\u00a0 \u00a0&#8211;\u00a0 \u00a026.05.21\u00a0 \u00a0&#8211;\u00a0 \u00a017:00 Uhr<\/p>\n<\/div>\n","protected":false},"excerpt":{"rendered":"<p>In Th\u00fcringen soll die Impfung von Kindern und Jugendlichen gegen Corona zeitnah beginnen. Dazu erkl\u00e4rt Robert-Martin Montag, gesundheitspolitischer Sprecher der FDP-Fraktion: \u201eImpfen, impfen, impfen \u2013 das ist und bleibt der [&#8230;]<\/p>\n","protected":false},"author":1,"featured_media":0,"comment_status":"open","ping_status":"closed","sticky":false,"template":"","format":"standard","meta":{"footnotes":""},"categories":[4,123],"tags":[10,669,20,381,710],"class_list":["post-1452","post","type-post","status-publish","format-standard","hentry","category-covid-19","category-gesundheit","tag-covid","tag-fdp-thueringen","tag-impfung","tag-kinder","tag-robert-martin-montag"],"_links":{"self":[{"href":"https:\/\/fdp-aktiv.de\/blog\/wp-json\/wp\/v2\/posts\/1452","targetHints":{"allow":["GET"]}}],"collection":[{"href":"https:\/\/fdp-aktiv.de\/blog\/wp-json\/wp\/v2\/posts"}],"about":[{"href":"https:\/\/fdp-aktiv.de\/blog\/wp-json\/wp\/v2\/types\/post"}],"author":[{"embeddable":true,"href":"https:\/\/fdp-aktiv.de\/blog\/wp-json\/wp\/v2\/users\/1"}],"replies":[{"embeddable":true,"href":"https:\/\/fdp-aktiv.de\/blog\/wp-json\/wp\/v2\/comments?post=1452"}],"version-history":[{"count":1,"href":"https:\/\/fdp-aktiv.de\/blog\/wp-json\/wp\/v2\/posts\/1452\/revisions"}],"predecessor-version":[{"id":1453,"href":"https:\/\/fdp-aktiv.de\/blog\/wp-json\/wp\/v2\/posts\/1452\/revisions\/1453"}],"wp:attachment":[{"href":"https:\/\/fdp-aktiv.de\/blog\/wp-json\/wp\/v2\/media?parent=1452"}],"wp:term":[{"taxonomy":"category","embeddable":true,"href":"https:\/\/fdp-aktiv.de\/blog\/wp-json\/wp\/v2\/categories?post=1452"},{"taxonomy":"post_tag","embeddable":true,"href":"https:\/\/fdp-aktiv.de\/blog\/wp-json\/wp\/v2\/tags?post=1452"}],"curies":[{"name":"wp","href":"https:\/\/api.w.org\/{rel}","templated":true}]}}