{"id":14552,"date":"2024-02-14T04:51:31","date_gmt":"2024-02-14T03:51:31","guid":{"rendered":"https:\/\/fdp-aktiv.de\/blog\/?p=14552"},"modified":"2024-02-14T04:51:31","modified_gmt":"2024-02-14T03:51:31","slug":"thueringen-hat-bodo-ramelow-300-millionen-in-den-sofaritzen-der-staatskanzlei-gefunden","status":"publish","type":"post","link":"https:\/\/fdp-aktiv.de\/blog\/2024\/02\/14\/thueringen-hat-bodo-ramelow-300-millionen-in-den-sofaritzen-der-staatskanzlei-gefunden\/","title":{"rendered":"Th\u00fcringen &#8211; Hat Bodo Ramelow 300 Millionen in den Sofaritzen der Staatskanzlei gefunden?"},"content":{"rendered":"<p>Auf rund 300 Millionen Euro soll sich laut einem Medienbericht der \u00dcberschuss des Freistaats Th\u00fcringen f\u00fcr das Haushaltsjahr 2023 belaufen. Dazu erkl\u00e4rt Thomas L. Kemmerich, Sprecher der FDP im Th\u00fcringer Landtag:<\/p>\n<p>\u201eWo kommt das viele Geld her? Hat Bodo Ramelow die Sofaritzen in der Staatskanzlei durchsucht und unter all den herumkullernden Kugelschreibern einen vergessenen Schatz entdeckt? Nein, die Antwort ist weit ern\u00fcchternder. Der \u00dcberschuss wurde durch die Inflation getrieben sowie in den mittelst\u00e4ndischen Unternehmen erwirtschaftet, nicht aber durch kluges Handeln der Minderheitsregierung. Das Kabinett hat den Haushalt 2023 von vornherein falsch aufgesetzt, noch dazu wurden geplante Investitionen nicht get\u00e4tigt. Das wirft die Frage auf: Wenn die Regierung 300 Millionen Euro so leicht finden konnte, was hat sie dann noch alles in ihren Hosentaschen \u00fcbersehen? Nach neun Jahren rot-rot-gr\u00fcner Misswirtschaft braucht unser Land endlich wieder eine Finanzplanung, die im Einklang mit der Realit\u00e4t steht. Es darf nicht dem Zufall \u00fcberlassen bleiben, wie viel Geld der Freistaat am Ende eines Haushaltsjahres in der Kasse hat. Wir mahnen seit langem Klarheit und Wahrheit bei der Aufstellung des Haushalts an.\u201cKemm<\/p>\n","protected":false},"excerpt":{"rendered":"<p>Auf rund 300 Millionen Euro soll sich laut einem Medienbericht der \u00dcberschuss des Freistaats Th\u00fcringen f\u00fcr das Haushaltsjahr 2023 belaufen. Dazu erkl\u00e4rt Thomas L. Kemmerich, Sprecher der FDP im Th\u00fcringer [&#8230;]<\/p>\n","protected":false},"author":1,"featured_media":1115,"comment_status":"open","ping_status":"closed","sticky":false,"template":"","format":"standard","meta":{"footnotes":""},"categories":[55],"tags":[669,1550,271],"class_list":["post-14552","post","type-post","status-publish","format-standard","has-post-thumbnail","hentry","category-finanzen","tag-fdp-thueringen","tag-landeshaushalt","tag-thomas-kemmerich"],"_links":{"self":[{"href":"https:\/\/fdp-aktiv.de\/blog\/wp-json\/wp\/v2\/posts\/14552","targetHints":{"allow":["GET"]}}],"collection":[{"href":"https:\/\/fdp-aktiv.de\/blog\/wp-json\/wp\/v2\/posts"}],"about":[{"href":"https:\/\/fdp-aktiv.de\/blog\/wp-json\/wp\/v2\/types\/post"}],"author":[{"embeddable":true,"href":"https:\/\/fdp-aktiv.de\/blog\/wp-json\/wp\/v2\/users\/1"}],"replies":[{"embeddable":true,"href":"https:\/\/fdp-aktiv.de\/blog\/wp-json\/wp\/v2\/comments?post=14552"}],"version-history":[{"count":1,"href":"https:\/\/fdp-aktiv.de\/blog\/wp-json\/wp\/v2\/posts\/14552\/revisions"}],"predecessor-version":[{"id":14553,"href":"https:\/\/fdp-aktiv.de\/blog\/wp-json\/wp\/v2\/posts\/14552\/revisions\/14553"}],"wp:featuredmedia":[{"embeddable":true,"href":"https:\/\/fdp-aktiv.de\/blog\/wp-json\/wp\/v2\/media\/1115"}],"wp:attachment":[{"href":"https:\/\/fdp-aktiv.de\/blog\/wp-json\/wp\/v2\/media?parent=14552"}],"wp:term":[{"taxonomy":"category","embeddable":true,"href":"https:\/\/fdp-aktiv.de\/blog\/wp-json\/wp\/v2\/categories?post=14552"},{"taxonomy":"post_tag","embeddable":true,"href":"https:\/\/fdp-aktiv.de\/blog\/wp-json\/wp\/v2\/tags?post=14552"}],"curies":[{"name":"wp","href":"https:\/\/api.w.org\/{rel}","templated":true}]}}