{"id":14557,"date":"2024-02-17T08:58:24","date_gmt":"2024-02-17T07:58:24","guid":{"rendered":"https:\/\/fdp-aktiv.de\/blog\/?p=14557"},"modified":"2024-02-17T08:58:24","modified_gmt":"2024-02-17T07:58:24","slug":"spd-und-fdp-beantragen-oeffentliche-sitzung-des-sozialausschusses-zur-aufklaerung-des-todesfalls-in-heidelberg","status":"publish","type":"post","link":"https:\/\/fdp-aktiv.de\/blog\/2024\/02\/17\/spd-und-fdp-beantragen-oeffentliche-sitzung-des-sozialausschusses-zur-aufklaerung-des-todesfalls-in-heidelberg\/","title":{"rendered":"SPD und FDP beantragen \u00f6ffentliche Sitzung des Sozialausschusses zur Aufkl\u00e4rung des Todesfalls in Heidelberg"},"content":{"rendered":"<p><strong>\u00a0<\/strong>Die Landtagsfraktionen von SPD und FDP\/DVP werden nach dem bekannt gewordenen Todesfall im Ma\u00dfregelvollzug im \u201eFaulen Pelz\u201c in Heidelberg am 28. Februar 2024 eine<\/p>\n<p>\u00f6ffentliche Sitzung des Landtagsausschusses f\u00fcr Soziales, Gesundheit und Integration beantragen, um den Vorfall aufzukl\u00e4ren. Sozialminister Manfred Lucha soll dem Ausschuss Rede und Antwort stehen, wie es zu dem Todesfall kommen konnte. Au\u00dferdem muss er nach Sicht der beiden Fraktionen erkl\u00e4ren, welche Ma\u00dfnahmen er ergreift, damit sich solche schrecklichen Vorf\u00e4lle nicht wiederholten.<\/p>\n<p>Der gesundheitspolitische Sprecher der SPD-Landtagsfraktion Florian Wahl und der gesundheitspolitische Sprecher der FDP\/DVP-Landtagsfraktion Jochen Hau\u00dfmann fordern schnelle Aufkl\u00e4rung: \u201eDie Vorw\u00fcrfe wiegen schwer und sie m\u00fcssen umgehend aufgekl\u00e4rt werden. Minister Lucha scheint den Ma\u00dfregelvollzug nicht unter Kontrolle zu bekommen.\u201c<\/p>\n<p>Auch nach dem Mord in Wiesloch im vergangenen September sei es im Ma\u00dfregelvollzug immer wieder zu Entweichungen von Patientinnen und Patienten gekommen. Der Todesfall des Patienten im Faulen Pelz stelle einen weiteren Tiefpunkt dar. \u201eDie Situation beim Faulen Pelz in Heidelberg ist besonders tragisch, weil Minister Lucha aufgrund der Differenzen mit der Stadt monatelang Zeit hatte, um qualifiziertes Personal anzuwerben und ein angemessenesBetreiberkonzept f\u00fcr den Ma\u00dfregelvollzug im Faulen Pelz zu erstellen. Die Vers\u00e4umnisse des Ministers sind offensichtlich\u201c, so Wahl und Hau\u00dfmann.<\/p>\n<p>Bereits im Sommer 2022 hatte das Land den Faulen Pelz als Interimsunterbringung f\u00fcr den Ma\u00dfregelvollzug nutzen wollen, dies war jedoch zun\u00e4chst an Streitigkeiten mit der Stadt<\/p>\n<p>Heidelberg gescheitert. Erst ein Jahr sp\u00e4ter, im Sommer 2023, konnte das renovierte Geb\u00e4ude in Betrieb genommen werden. Hau\u00dfmann und Wahl betonen dazu: \u201eDer Minister ist nun in der Verantwortung, l\u00fcckenlos darzulegen, wie sich die Situation im Ma\u00dfregelvollzug im Faulen Pelz in Heidelberg darstellt.\u201c<\/p>\n","protected":false},"excerpt":{"rendered":"<p>\u00a0Die Landtagsfraktionen von SPD und FDP\/DVP werden nach dem bekannt gewordenen Todesfall im Ma\u00dfregelvollzug im \u201eFaulen Pelz\u201c in Heidelberg am 28. Februar 2024 eine \u00f6ffentliche Sitzung des Landtagsausschusses f\u00fcr Soziales, [&#8230;]<\/p>\n","protected":false},"author":1,"featured_media":1641,"comment_status":"open","ping_status":"closed","sticky":false,"template":"","format":"standard","meta":{"footnotes":""},"categories":[536],"tags":[650,1343,1575,3975,3976],"class_list":["post-14557","post","type-post","status-publish","format-standard","has-post-thumbnail","hentry","category-sicherheit","tag-fdp-dvp","tag-jochen-haussmann","tag-massregelvollzug","tag-sozialausschuss","tag-todesfall"],"_links":{"self":[{"href":"https:\/\/fdp-aktiv.de\/blog\/wp-json\/wp\/v2\/posts\/14557","targetHints":{"allow":["GET"]}}],"collection":[{"href":"https:\/\/fdp-aktiv.de\/blog\/wp-json\/wp\/v2\/posts"}],"about":[{"href":"https:\/\/fdp-aktiv.de\/blog\/wp-json\/wp\/v2\/types\/post"}],"author":[{"embeddable":true,"href":"https:\/\/fdp-aktiv.de\/blog\/wp-json\/wp\/v2\/users\/1"}],"replies":[{"embeddable":true,"href":"https:\/\/fdp-aktiv.de\/blog\/wp-json\/wp\/v2\/comments?post=14557"}],"version-history":[{"count":1,"href":"https:\/\/fdp-aktiv.de\/blog\/wp-json\/wp\/v2\/posts\/14557\/revisions"}],"predecessor-version":[{"id":14558,"href":"https:\/\/fdp-aktiv.de\/blog\/wp-json\/wp\/v2\/posts\/14557\/revisions\/14558"}],"wp:featuredmedia":[{"embeddable":true,"href":"https:\/\/fdp-aktiv.de\/blog\/wp-json\/wp\/v2\/media\/1641"}],"wp:attachment":[{"href":"https:\/\/fdp-aktiv.de\/blog\/wp-json\/wp\/v2\/media?parent=14557"}],"wp:term":[{"taxonomy":"category","embeddable":true,"href":"https:\/\/fdp-aktiv.de\/blog\/wp-json\/wp\/v2\/categories?post=14557"},{"taxonomy":"post_tag","embeddable":true,"href":"https:\/\/fdp-aktiv.de\/blog\/wp-json\/wp\/v2\/tags?post=14557"}],"curies":[{"name":"wp","href":"https:\/\/api.w.org\/{rel}","templated":true}]}}