{"id":14580,"date":"2024-02-20T06:30:44","date_gmt":"2024-02-20T05:30:44","guid":{"rendered":"https:\/\/fdp-aktiv.de\/blog\/?p=14580"},"modified":"2024-02-20T06:30:44","modified_gmt":"2024-02-20T05:30:44","slug":"schleswig-holstein-christopher-vogt-daniel-guenther-darf-die-wirtschaft-nicht-laenger-ausbremsen","status":"publish","type":"post","link":"https:\/\/fdp-aktiv.de\/blog\/2024\/02\/20\/schleswig-holstein-christopher-vogt-daniel-guenther-darf-die-wirtschaft-nicht-laenger-ausbremsen\/","title":{"rendered":"Schleswig-Holstein &#8211; Christopher Vogt: Daniel G\u00fcnther darf die Wirtschaft nicht l\u00e4nger ausbremsen"},"content":{"rendered":"<div class=\"clearfix text-formatted field field--name-body field--type-text-with-summary field--label-hidden field__item\">\n<p>Zum Brandbrief der Wirtschaftsverb\u00e4nde an die Ministerpr\u00e4sidenten der Bundesl\u00e4nder, dass diese die Blockade gegen das Wachstumschancengesetz im Bundesrat aufgeben sollen, erkl\u00e4rt der Vorsitzende der FDP-Landtagsfraktion, <strong>Christopher Vogt<\/strong>:<\/p>\n<p>\u201eDie Stimmung in der schleswig-holsteinischen Wirtschaft ist so pessimistisch wie seit Jahrzehnten nicht mehr und trotzdem steht Schwarz-Gr\u00fcn bei der Entlastung des Mittelstandes massiv auf der Bremse. Die CDU muss sich in der <a href=\"https:\/\/fdp-aktiv.de\/blog\/2021\/01\/29\/fdp-forderung-wirtschaftspolitik\/\" data-internallinksmanager029f6b8e52c=\"10\" title=\"FDP Forderung Wirtschaftspolitik\" target=\"_blank\" rel=\"noopener\">Wirtschaftspolitik<\/a> unterlassene Hilfeleistung und Heuchelei vorwerfen lassen. Der Ministerpr\u00e4sident und sein Wirtschaftsminister fordern die Bundesregierung schlie\u00dflich regelm\u00e4\u00dfig dazu auf, mehr f\u00fcr die St\u00e4rkung der Wirtschaft zu tun. Wenn es jedoch konkret wird und sich das Land daran beteiligen soll, geben sie im Bundesrat mit anderen CDU-L\u00e4ndern den Oskar Lafontaine.<\/p>\n<p>Mit dem Wachstumschancengesetz w\u00fcrde nicht nur sp\u00fcrbar B\u00fcrokratie abgebaut werden, sondern auch der Wohnungsbau angekurbelt und Investitionen in die Forschung und den Klimaschutz erleichtert werden. Nur eine bessere wirtschaftliche Entwicklung sichert dauerhaft Arbeitspl\u00e4tze und verbessert die Einnahmen der \u00f6ffentlichen Hand. Das Wachstumschancengesetz wird private Investitionen ausl\u00f6sen, die das Wachstum ankurbeln, was das Gesetz auch gegenfinanzieren wird. Der Ministerpr\u00e4sident sollte deshalb weniger auf seinen Koalitionspartner und die Befehle aus dem Konrad-Adenauer-Haus h\u00f6ren, sondern wieder mehr auf den Mittelstand.<\/p>\n<p>Schleswig-Holstein hat seit dem Wechsel zu Schwarz-Gr\u00fcn leider R\u00fcckschritte in der Mittelstandspolitik gemacht und muss endlich wieder zum mittelstandsfreundlichsten Bundesland werden. Es muss jetzt ein klares Signal an den Mittelstand und insbesondere an das Handwerk geben, dass Bund und Land den Wirtschaftsstandort st\u00e4rken wollen und hierbei auch an einem Strang ziehen. Daniel G\u00fcnther muss den Fu\u00df von der Bremse nehmen und den Entlastungen f\u00fcr die Wirtschaft zustimmen. Alles andere w\u00e4re ein katastrophales Signal f\u00fcr den Wirtschaftsstandort Schleswig-Holstein.\u201c<\/p>\n<\/div>\n","protected":false},"excerpt":{"rendered":"<p>Zum Brandbrief der Wirtschaftsverb\u00e4nde an die Ministerpr\u00e4sidenten der Bundesl\u00e4nder, dass diese die Blockade gegen das Wachstumschancengesetz im Bundesrat aufgeben sollen, erkl\u00e4rt der Vorsitzende der FDP-Landtagsfraktion, Christopher Vogt: \u201eDie Stimmung in [&#8230;]<\/p>\n","protected":false},"author":1,"featured_media":2668,"comment_status":"open","ping_status":"closed","sticky":false,"template":"","format":"standard","meta":{"footnotes":""},"categories":[8],"tags":[599,814,377],"class_list":["post-14580","post","type-post","status-publish","format-standard","has-post-thumbnail","hentry","category-wirtschaft","tag-christopher-vogt","tag-fdp-lsh","tag-wirtschaftsverband"],"_links":{"self":[{"href":"https:\/\/fdp-aktiv.de\/blog\/wp-json\/wp\/v2\/posts\/14580","targetHints":{"allow":["GET"]}}],"collection":[{"href":"https:\/\/fdp-aktiv.de\/blog\/wp-json\/wp\/v2\/posts"}],"about":[{"href":"https:\/\/fdp-aktiv.de\/blog\/wp-json\/wp\/v2\/types\/post"}],"author":[{"embeddable":true,"href":"https:\/\/fdp-aktiv.de\/blog\/wp-json\/wp\/v2\/users\/1"}],"replies":[{"embeddable":true,"href":"https:\/\/fdp-aktiv.de\/blog\/wp-json\/wp\/v2\/comments?post=14580"}],"version-history":[{"count":1,"href":"https:\/\/fdp-aktiv.de\/blog\/wp-json\/wp\/v2\/posts\/14580\/revisions"}],"predecessor-version":[{"id":14582,"href":"https:\/\/fdp-aktiv.de\/blog\/wp-json\/wp\/v2\/posts\/14580\/revisions\/14582"}],"wp:featuredmedia":[{"embeddable":true,"href":"https:\/\/fdp-aktiv.de\/blog\/wp-json\/wp\/v2\/media\/2668"}],"wp:attachment":[{"href":"https:\/\/fdp-aktiv.de\/blog\/wp-json\/wp\/v2\/media?parent=14580"}],"wp:term":[{"taxonomy":"category","embeddable":true,"href":"https:\/\/fdp-aktiv.de\/blog\/wp-json\/wp\/v2\/categories?post=14580"},{"taxonomy":"post_tag","embeddable":true,"href":"https:\/\/fdp-aktiv.de\/blog\/wp-json\/wp\/v2\/tags?post=14580"}],"curies":[{"name":"wp","href":"https:\/\/api.w.org\/{rel}","templated":true}]}}