{"id":1459,"date":"2021-05-28T09:08:46","date_gmt":"2021-05-28T07:08:46","guid":{"rendered":"https:\/\/fdp-aktiv.de\/blog\/?p=1459"},"modified":"2021-05-28T09:08:54","modified_gmt":"2021-05-28T07:08:54","slug":"corona-als-anerkannter-dienstunfall","status":"publish","type":"post","link":"https:\/\/fdp-aktiv.de\/blog\/2021\/05\/28\/corona-als-anerkannter-dienstunfall\/","title":{"rendered":"Corona als anerkannter Dienstunfall"},"content":{"rendered":"<div class=\"clearfix text-formatted field field--name-body field--type-text-with-summary field--label-hidden field__item\">\n<p><strong>Innenausschuss besch\u00e4ftigt sich auf Antrag der FDP-Fraktion mit Sonderfall der F\u00fcrsorgepflicht<\/strong><\/p>\n<figure id=\"attachment_1460\" aria-describedby=\"caption-attachment-1460\" style=\"width: 720px\" class=\"wp-caption alignnone\"><img loading=\"lazy\" decoding=\"async\" class=\"size-large wp-image-1460\" src=\"https:\/\/fdp-aktiv.de\/blog\/wp-content\/uploads\/2021\/05\/20130426_dirk_bergner_07serioeser-720x1024.jpg\" alt=\"\" width=\"720\" height=\"1024\" srcset=\"https:\/\/fdp-aktiv.de\/blog\/wp-content\/uploads\/2021\/05\/20130426_dirk_bergner_07serioeser-720x1024.jpg 720w, https:\/\/fdp-aktiv.de\/blog\/wp-content\/uploads\/2021\/05\/20130426_dirk_bergner_07serioeser-211x300.jpg 211w, https:\/\/fdp-aktiv.de\/blog\/wp-content\/uploads\/2021\/05\/20130426_dirk_bergner_07serioeser-768x1092.jpg 768w, https:\/\/fdp-aktiv.de\/blog\/wp-content\/uploads\/2021\/05\/20130426_dirk_bergner_07serioeser-1080x1536.jpg 1080w, https:\/\/fdp-aktiv.de\/blog\/wp-content\/uploads\/2021\/05\/20130426_dirk_bergner_07serioeser-1440x2048.jpg 1440w, https:\/\/fdp-aktiv.de\/blog\/wp-content\/uploads\/2021\/05\/20130426_dirk_bergner_07serioeser-scaled.jpg 1800w\" sizes=\"auto, (max-width: 720px) 100vw, 720px\" \/><figcaption id=\"caption-attachment-1460\" class=\"wp-caption-text\">Erfurt, Mitglied der FDP-Fraktion, Dirk Bergner,<\/figcaption><\/figure>\n<p>Heute hat sich der Innenausschuss des Th\u00fcringer Landtags mit der Anerkennung von Corona als Dienstunfall befasst. \u201eDer \u00d6ffentliche Dienst hat Enormes in der Pandemie geleistet. Wenn Ansteckungen zu Krankheit und zu langfristigen Sch\u00e4den oder zu Schlimmerem f\u00fchren, darf die F\u00fcrsorge des Landes nicht an der B\u00fcrokratie scheitern\u201c, sagt Dirk Bergner, innenpolitischer Sprecher der FDP-Fraktion. Er bem\u00e4ngelt insbesondere die Ablehnung von Antr\u00e4gen auf Anerkennung eines Dienstunfalles, wenn er lediglich formale Anforderungen nicht erf\u00fcllt. \u201eZur Anerkennung der besonderen Leistung geh\u00f6rt eben auch, dass man sich hier nicht selbst im Weg steht und den Betroffenen unb\u00fcrokratisch hilft\u201c, so Bergner.<\/p>\n<p>Derartige berufsbedingte Infektionen k\u00f6nnen zum Beispiel w\u00e4hrend der T\u00e4tigkeit im Gesundheitsdienst, in der Wohlfahrt oder in einem Labor erfolgen.<\/p>\n<\/div>\n<h3>Quelle:<\/h3>\n<p><a href=\"http:\/\/FDPLTTH.de\">FDPLTTH.de<\/a>\u00a0 \u00a0&#8211;\u00a0 \u00a027.05.21\u00a0 \u00a0&#8211;\u00a0 \u00a015:30 Uhr<\/p>\n","protected":false},"excerpt":{"rendered":"<p>Innenausschuss besch\u00e4ftigt sich auf Antrag der FDP-Fraktion mit Sonderfall der F\u00fcrsorgepflicht Heute hat sich der Innenausschuss des Th\u00fcringer Landtags mit der Anerkennung von Corona als Dienstunfall befasst. \u201eDer \u00d6ffentliche Dienst [&#8230;]<\/p>\n","protected":false},"author":1,"featured_media":0,"comment_status":"open","ping_status":"closed","sticky":false,"template":"","format":"standard","meta":{"footnotes":""},"categories":[4,8],"tags":[16,811,446,669],"class_list":["post-1459","post","type-post","status-publish","format-standard","hentry","category-covid-19","category-wirtschaft","tag-corona","tag-dienstunfall","tag-dirk-bergner","tag-fdp-thueringen"],"_links":{"self":[{"href":"https:\/\/fdp-aktiv.de\/blog\/wp-json\/wp\/v2\/posts\/1459","targetHints":{"allow":["GET"]}}],"collection":[{"href":"https:\/\/fdp-aktiv.de\/blog\/wp-json\/wp\/v2\/posts"}],"about":[{"href":"https:\/\/fdp-aktiv.de\/blog\/wp-json\/wp\/v2\/types\/post"}],"author":[{"embeddable":true,"href":"https:\/\/fdp-aktiv.de\/blog\/wp-json\/wp\/v2\/users\/1"}],"replies":[{"embeddable":true,"href":"https:\/\/fdp-aktiv.de\/blog\/wp-json\/wp\/v2\/comments?post=1459"}],"version-history":[{"count":1,"href":"https:\/\/fdp-aktiv.de\/blog\/wp-json\/wp\/v2\/posts\/1459\/revisions"}],"predecessor-version":[{"id":1461,"href":"https:\/\/fdp-aktiv.de\/blog\/wp-json\/wp\/v2\/posts\/1459\/revisions\/1461"}],"wp:attachment":[{"href":"https:\/\/fdp-aktiv.de\/blog\/wp-json\/wp\/v2\/media?parent=1459"}],"wp:term":[{"taxonomy":"category","embeddable":true,"href":"https:\/\/fdp-aktiv.de\/blog\/wp-json\/wp\/v2\/categories?post=1459"},{"taxonomy":"post_tag","embeddable":true,"href":"https:\/\/fdp-aktiv.de\/blog\/wp-json\/wp\/v2\/tags?post=1459"}],"curies":[{"name":"wp","href":"https:\/\/api.w.org\/{rel}","templated":true}]}}