{"id":14644,"date":"2024-02-26T06:35:18","date_gmt":"2024-02-26T05:35:18","guid":{"rendered":"https:\/\/fdp-aktiv.de\/blog\/?p=14644"},"modified":"2024-02-26T06:35:18","modified_gmt":"2024-02-26T05:35:18","slug":"herbrand-union-darf-die-deutschen-unternehmen-nicht-laenger-auf-entlastungen-warten-lassen","status":"publish","type":"post","link":"https:\/\/fdp-aktiv.de\/blog\/2024\/02\/26\/herbrand-union-darf-die-deutschen-unternehmen-nicht-laenger-auf-entlastungen-warten-lassen\/","title":{"rendered":"HERBRAND: Union darf die deutschen Unternehmen nicht l\u00e4nger auf Entlastungen warten lassen"},"content":{"rendered":"<div class=\"clearfix text-formatted field field--name-body field--type-text-with-summary field--label-hidden field__item\">\n<p>Zum Wachstumschancengesetz erkl\u00e4rt der finanzpolitische Sprecher der FDP-Fraktion Markus Herbrand:<\/p>\n<p>\u201eMit dem Wachstumschancengesetz st\u00e4rken wir unsere Wirtschaft durch attraktive Abschreibungs- und F\u00f6rderm\u00f6glichkeiten. Das Bauen machen wir durch die degressiven Abschreibungsm\u00f6glichkeiten im Wohnungsbau deutlich attraktiver. Zukunftsweisende Entwicklungen st\u00e4rken wir durch Verbesserungen bei der umfangreichen Forschungsf\u00f6rderung. Die weiterhin ablehnende Haltung von Unionsfraktion und unionsgef\u00fchrten Bundesl\u00e4ndern ist angesichts der langwierigen Verhandlungen entt\u00e4uschend. Nachdem das Volumen der Unterst\u00fctzungsma\u00dfnahmen auf Wunsch der Union bereits halbiert wurde, verweigern sie weiterhin ihre Zustimmung. Offensichtlich war nur die eigene Profilierung von Interesse und nicht die konstruktive St\u00e4rkung unserer Wirtschaft. Die Weigerung, dem Wachstumspaket zuzustimmen, ist angesichts der Bitten aus der Wirtschaft nach schneller Unterst\u00fctzung ein Schlag ins Gesicht der heimischen Unternehmen. Anstatt dringend ben\u00f6tigte Impulse in die Wirtschaft zu erm\u00f6glichen, verkn\u00fcpft die Union das Wachstumschancengesetz mit sachfremden Forderungen und spielt damit Landwirtschaft und restliche Wirtschaft gegeneinander aus. Wir werden weiterhin f\u00fcr das Wachstumschancengesetz zur St\u00e4rkung unserer Wirtschaft werben. Die Union darf die Unternehmen nicht weiter auf l\u00e4ngst \u00fcberf\u00e4llige Entlastungen warten lassen.\u201c<\/p>\n<\/div>\n","protected":false},"excerpt":{"rendered":"<p>Zum Wachstumschancengesetz erkl\u00e4rt der finanzpolitische Sprecher der FDP-Fraktion Markus Herbrand: \u201eMit dem Wachstumschancengesetz st\u00e4rken wir unsere Wirtschaft durch attraktive Abschreibungs- und F\u00f6rderm\u00f6glichkeiten. Das Bauen machen wir durch die degressiven Abschreibungsm\u00f6glichkeiten [&#8230;]<\/p>\n","protected":false},"author":1,"featured_media":3985,"comment_status":"open","ping_status":"closed","sticky":false,"template":"","format":"standard","meta":{"footnotes":""},"categories":[8],"tags":[2688,984,3822],"class_list":["post-14644","post","type-post","status-publish","format-standard","has-post-thumbnail","hentry","category-wirtschaft","tag-fdp-bundestag","tag-markus-herbrand","tag-wachstumschancengesetz"],"_links":{"self":[{"href":"https:\/\/fdp-aktiv.de\/blog\/wp-json\/wp\/v2\/posts\/14644","targetHints":{"allow":["GET"]}}],"collection":[{"href":"https:\/\/fdp-aktiv.de\/blog\/wp-json\/wp\/v2\/posts"}],"about":[{"href":"https:\/\/fdp-aktiv.de\/blog\/wp-json\/wp\/v2\/types\/post"}],"author":[{"embeddable":true,"href":"https:\/\/fdp-aktiv.de\/blog\/wp-json\/wp\/v2\/users\/1"}],"replies":[{"embeddable":true,"href":"https:\/\/fdp-aktiv.de\/blog\/wp-json\/wp\/v2\/comments?post=14644"}],"version-history":[{"count":1,"href":"https:\/\/fdp-aktiv.de\/blog\/wp-json\/wp\/v2\/posts\/14644\/revisions"}],"predecessor-version":[{"id":14646,"href":"https:\/\/fdp-aktiv.de\/blog\/wp-json\/wp\/v2\/posts\/14644\/revisions\/14646"}],"wp:featuredmedia":[{"embeddable":true,"href":"https:\/\/fdp-aktiv.de\/blog\/wp-json\/wp\/v2\/media\/3985"}],"wp:attachment":[{"href":"https:\/\/fdp-aktiv.de\/blog\/wp-json\/wp\/v2\/media?parent=14644"}],"wp:term":[{"taxonomy":"category","embeddable":true,"href":"https:\/\/fdp-aktiv.de\/blog\/wp-json\/wp\/v2\/categories?post=14644"},{"taxonomy":"post_tag","embeddable":true,"href":"https:\/\/fdp-aktiv.de\/blog\/wp-json\/wp\/v2\/tags?post=14644"}],"curies":[{"name":"wp","href":"https:\/\/api.w.org\/{rel}","templated":true}]}}