{"id":14655,"date":"2024-02-27T06:53:31","date_gmt":"2024-02-27T05:53:31","guid":{"rendered":"https:\/\/fdp-aktiv.de\/blog\/?p=14655"},"modified":"2024-02-27T06:53:31","modified_gmt":"2024-02-27T05:53:31","slug":"baden-wuerttemberg-haag-eu-fuehrerscheinrichtlinie-gezogene-giftzaehne-muessen-draussen-bleiben","status":"publish","type":"post","link":"https:\/\/fdp-aktiv.de\/blog\/2024\/02\/27\/baden-wuerttemberg-haag-eu-fuehrerscheinrichtlinie-gezogene-giftzaehne-muessen-draussen-bleiben\/","title":{"rendered":"Baden-W\u00fcrttemberg &#8211; Haag: EU-F\u00fchrerscheinrichtlinie \u2013 gezogene Giftz\u00e4hne m\u00fcssen drau\u00dfen bleiben"},"content":{"rendered":"<p>Blinder Aktionismus n\u00fctzt nur dem B\u00fcrokratiewust und bringt nicht mehr Sicherheit<\/p>\n<p>&nbsp;<\/p>\n<p>Es gab bereits eine rege Berichterstattung im Vorfeld der Beratung und Abstimmung \u00fcber die neue EU-F\u00fchrerscheinrichtlinie im Europaparlament. Dazu sagt der Sprecher f\u00fcr individuelle Mobilit\u00e4t der FDP\/DVP-Fraktion im Landtag von Baden-W\u00fcrttemberg, <strong>Friedrich Haag<\/strong>:<\/p>\n<p>&nbsp;<\/p>\n<p>\u201eBei der anstehenden Entscheidung ist gr\u00f6\u00dfte Vorsicht geboten. Wir alle wissen noch, welche nicht sachgerechten Vorschl\u00e4ge die gr\u00fcne Berichterstatterin Delli gemacht hat: Mofa-F\u00fchrerschein erst mit 18, G\u00fcltigkeit des F\u00fchrerscheins ab 60 f\u00fcr 7 Jahre, ab 70 f\u00fcr 5 Jahre und ab 80 nur noch f\u00fcr zwei Jahre. Ebenso sollten Fahranf\u00e4nger nachts nur noch 90km\/h fahren d\u00fcrfen und h\u00e4tten nach der Probezeit eine erneute Fahrpr\u00fcfung machen sollen. Das begleitete Fahren w\u00e4re abgeschafft worden. Zudem sollte bei der F\u00fchrerscheinklasse B die zul\u00e4ssige Masse der Fahrzeuge auf 1,8 t abgesenkt werden. Es ist gut, dass auch mithilfe der Freien Demokraten im Verkehrsausschuss des EU-Parlaments diese Giftz\u00e4hne der Reform gezogen werden konnten. Jetzt gilt es zu verhindern, dass im Plenum \u00c4nderungsantr\u00e4ge neuerlich dazu f\u00fchren, dass diese problematischen Sachverhalte doch noch beschlossen werden.<\/p>\n<p>&nbsp;<\/p>\n<p>Ein zentrales \u00c4rgernis muss noch vom Tisch: Bisher ist vorgesehen, dass nach Ende der 15-j\u00e4hrigen G\u00fcltigkeit f\u00fcr neue F\u00fchrerscheine zur Verl\u00e4ngerung ein Gesundheitstest vorgelegt werden muss. Es ist v\u00f6llig verfehlt, alle anlasslos zum Arzt zu schicken. Bereits heute sind die Praxen vielfach \u00fcberlastet. Warum soll beispielsweise ein 33-j\u00e4hriger ohne Not dem Arzt Zeit f\u00fcr ein nicht erforderliches Gesundheitszeugnis abverlangen? F\u00fcr mich sieht das nach blindem Aktionismus aus, der dringend vermieden werden muss. Es wird spannend, was diese Woche der Entscheidung bringen wird. Statt mehr B\u00fcrokratie brauchen wir endlich deutlich weniger. Ja zu mehr Sicherheit im Stra\u00dfenverkehr &#8211; aber Nein zu b\u00fcrokratischen und nicht zielf\u00fchrenden Vorschl\u00e4gen.\u201c<\/p>\n<p>&nbsp;<\/p>\n<p>&nbsp;<\/p>\n<p>&nbsp;<\/p>\n","protected":false},"excerpt":{"rendered":"<p>Blinder Aktionismus n\u00fctzt nur dem B\u00fcrokratiewust und bringt nicht mehr Sicherheit &nbsp; Es gab bereits eine rege Berichterstattung im Vorfeld der Beratung und Abstimmung \u00fcber die neue EU-F\u00fchrerscheinrichtlinie im Europaparlament. [&#8230;]<\/p>\n","protected":false},"author":1,"featured_media":5747,"comment_status":"open","ping_status":"closed","sticky":false,"template":"","format":"standard","meta":{"footnotes":""},"categories":[5,144],"tags":[658,650,1587,3859,3860],"class_list":["post-14655","post","type-post","status-publish","format-standard","has-post-thumbnail","hentry","category-aussenpolitik","category-verkehr-innenpolitik","tag-eu","tag-fdp-dvp","tag-friedrich-haag","tag-fuehrerschein","tag-richtlinie"],"_links":{"self":[{"href":"https:\/\/fdp-aktiv.de\/blog\/wp-json\/wp\/v2\/posts\/14655","targetHints":{"allow":["GET"]}}],"collection":[{"href":"https:\/\/fdp-aktiv.de\/blog\/wp-json\/wp\/v2\/posts"}],"about":[{"href":"https:\/\/fdp-aktiv.de\/blog\/wp-json\/wp\/v2\/types\/post"}],"author":[{"embeddable":true,"href":"https:\/\/fdp-aktiv.de\/blog\/wp-json\/wp\/v2\/users\/1"}],"replies":[{"embeddable":true,"href":"https:\/\/fdp-aktiv.de\/blog\/wp-json\/wp\/v2\/comments?post=14655"}],"version-history":[{"count":2,"href":"https:\/\/fdp-aktiv.de\/blog\/wp-json\/wp\/v2\/posts\/14655\/revisions"}],"predecessor-version":[{"id":14657,"href":"https:\/\/fdp-aktiv.de\/blog\/wp-json\/wp\/v2\/posts\/14655\/revisions\/14657"}],"wp:featuredmedia":[{"embeddable":true,"href":"https:\/\/fdp-aktiv.de\/blog\/wp-json\/wp\/v2\/media\/5747"}],"wp:attachment":[{"href":"https:\/\/fdp-aktiv.de\/blog\/wp-json\/wp\/v2\/media?parent=14655"}],"wp:term":[{"taxonomy":"category","embeddable":true,"href":"https:\/\/fdp-aktiv.de\/blog\/wp-json\/wp\/v2\/categories?post=14655"},{"taxonomy":"post_tag","embeddable":true,"href":"https:\/\/fdp-aktiv.de\/blog\/wp-json\/wp\/v2\/tags?post=14655"}],"curies":[{"name":"wp","href":"https:\/\/api.w.org\/{rel}","templated":true}]}}