{"id":14658,"date":"2024-02-27T06:56:19","date_gmt":"2024-02-27T05:56:19","guid":{"rendered":"https:\/\/fdp-aktiv.de\/blog\/?p=14658"},"modified":"2024-02-27T06:56:19","modified_gmt":"2024-02-27T05:56:19","slug":"brandenburg-braun-bauen-endlich-guenstiger-machen","status":"publish","type":"post","link":"https:\/\/fdp-aktiv.de\/blog\/2024\/02\/27\/brandenburg-braun-bauen-endlich-guenstiger-machen\/","title":{"rendered":"Brandenburg &#8211; BRAUN: Bauen endlich g\u00fcnstiger machen"},"content":{"rendered":"<p class=\"p1\"><span class=\"s1\">Zum Ausblick auf die Wohnungspolitik und Wohnraumf\u00f6rderung erkl\u00e4rt der FDP-Spitzenkandidat zur Landtagswahl und Landesvorsitzende, Zyon Braun:<\/span><\/p>\n<p class=\"p1\"><span class=\"s1\">\u201eDie Landesregierung muss umgehend strategische Ma\u00dfnahmen f\u00fcr eine neue Wohnungspolitik auf den Weg bringen. Das gebietet insbesondere der anhaltende Zuzug in die Metropolregion Berlin\/Brandenburg.<\/span><\/p>\n<p class=\"p1\"><span class=\"s1\">Eine Diskussion um F\u00f6rderma\u00dfnahmen muss zwingend auch Ma\u00dfnahmen beinhalten, mit denen das Bauen endlich g\u00fcnstiger wird. Das kann mit der h\u00f6chsten Grunderwerbsteuer der Bundesrepublik nicht gelingen. Eine Reduzierung der Grunderwerbsteuer auf drei Prozent sowie die Einf\u00fchrung eines Freibetrags von 400.000 Euro f\u00fcr den Erwerb der ersten selbstgenutzten Immobilie pro Person k\u00f6nnten wesentliche Schritte sein, um dieses Ziel zu erreichen.<\/span><\/p>\n<p class=\"p1\"><span class=\"s1\">Zus\u00e4tzlich muss die Landesregierung im Wohnungsbausektor endlich beim B\u00fcrokratieabbau und der Digitalisierung Tempo machen. Eine sinnvolle Ma\u00dfnahme w\u00e4re die Einf\u00fchrung von Genehmigungsfiktionen im Wohnung- und Hausbau. Sollte ein Bauantrag innerhalb von drei Monaten nicht bearbeitet sein, muss er als genehmigt gelten. Bauvorhaben d\u00fcrfen nicht an staatlicher Ineffizienz scheitern.<\/span><\/p>\n<p class=\"p1\"><span class=\"s1\">Wer in Brandenburg heimisch werden m\u00f6chte, sollte sich willkommen f\u00fchlen und nicht durch \u00fcberm\u00e4\u00dfige B\u00fcrokratie oder hohe Steuern abgeschreckt werden.\u201c<\/span><\/p>\n","protected":false},"excerpt":{"rendered":"<p>Zum Ausblick auf die Wohnungspolitik und Wohnraumf\u00f6rderung erkl\u00e4rt der FDP-Spitzenkandidat zur Landtagswahl und Landesvorsitzende, Zyon Braun: \u201eDie Landesregierung muss umgehend strategische Ma\u00dfnahmen f\u00fcr eine neue Wohnungspolitik auf den Weg bringen. [&#8230;]<\/p>\n","protected":false},"author":1,"featured_media":11457,"comment_status":"open","ping_status":"closed","sticky":false,"template":"","format":"standard","meta":{"footnotes":""},"categories":[207],"tags":[2135,3987,3988,1411,2134],"class_list":["post-14658","post","type-post","status-publish","format-standard","has-post-thumbnail","hentry","category-familie-wohnen","tag-fdp-brandenburg","tag-immobilie","tag-wohnraumfoerderung","tag-wohnungspolitik","tag-zyon-braun"],"_links":{"self":[{"href":"https:\/\/fdp-aktiv.de\/blog\/wp-json\/wp\/v2\/posts\/14658","targetHints":{"allow":["GET"]}}],"collection":[{"href":"https:\/\/fdp-aktiv.de\/blog\/wp-json\/wp\/v2\/posts"}],"about":[{"href":"https:\/\/fdp-aktiv.de\/blog\/wp-json\/wp\/v2\/types\/post"}],"author":[{"embeddable":true,"href":"https:\/\/fdp-aktiv.de\/blog\/wp-json\/wp\/v2\/users\/1"}],"replies":[{"embeddable":true,"href":"https:\/\/fdp-aktiv.de\/blog\/wp-json\/wp\/v2\/comments?post=14658"}],"version-history":[{"count":1,"href":"https:\/\/fdp-aktiv.de\/blog\/wp-json\/wp\/v2\/posts\/14658\/revisions"}],"predecessor-version":[{"id":14659,"href":"https:\/\/fdp-aktiv.de\/blog\/wp-json\/wp\/v2\/posts\/14658\/revisions\/14659"}],"wp:featuredmedia":[{"embeddable":true,"href":"https:\/\/fdp-aktiv.de\/blog\/wp-json\/wp\/v2\/media\/11457"}],"wp:attachment":[{"href":"https:\/\/fdp-aktiv.de\/blog\/wp-json\/wp\/v2\/media?parent=14658"}],"wp:term":[{"taxonomy":"category","embeddable":true,"href":"https:\/\/fdp-aktiv.de\/blog\/wp-json\/wp\/v2\/categories?post=14658"},{"taxonomy":"post_tag","embeddable":true,"href":"https:\/\/fdp-aktiv.de\/blog\/wp-json\/wp\/v2\/tags?post=14658"}],"curies":[{"name":"wp","href":"https:\/\/api.w.org\/{rel}","templated":true}]}}