{"id":1470,"date":"2021-05-29T08:07:29","date_gmt":"2021-05-29T06:07:29","guid":{"rendered":"https:\/\/fdp-aktiv.de\/blog\/?p=1470"},"modified":"2021-05-29T08:07:29","modified_gmt":"2021-05-29T06:07:29","slug":"impfgipfel-ist-grosse-enttaeuschung-ergebnisse-sind-verheerend","status":"publish","type":"post","link":"https:\/\/fdp-aktiv.de\/blog\/2021\/05\/29\/impfgipfel-ist-grosse-enttaeuschung-ergebnisse-sind-verheerend\/","title":{"rendered":"Impfgipfel ist gro\u00dfe Entt\u00e4uschung \/ Ergebnisse sind verheerend"},"content":{"rendered":"<h3>ASCHENBERG-DUGNUS: Impfgipfel ist gro\u00dfe Entt\u00e4uschung<\/h3>\n<p>Zu den Ergebnissen des Impfgipfels erkl\u00e4rt die gesundheitspolitische Sprecherin der FDP-Fraktion Christine Aschenberg-Dugnus:<\/p>\n<figure id=\"attachment_1123\" aria-describedby=\"caption-attachment-1123\" style=\"width: 800px\" class=\"wp-caption alignnone\"><img loading=\"lazy\" decoding=\"async\" class=\"size-large wp-image-1123\" src=\"https:\/\/fdp-aktiv.de\/blog\/wp-content\/uploads\/2021\/04\/Pressefoto-Christine-Aschenberg-Dugnus_1-1024x683.jpg\" alt=\"Christine Aschenberg-Dugnus\" width=\"800\" height=\"534\" srcset=\"https:\/\/fdp-aktiv.de\/blog\/wp-content\/uploads\/2021\/04\/Pressefoto-Christine-Aschenberg-Dugnus_1-1024x683.jpg 1024w, https:\/\/fdp-aktiv.de\/blog\/wp-content\/uploads\/2021\/04\/Pressefoto-Christine-Aschenberg-Dugnus_1-300x200.jpg 300w, https:\/\/fdp-aktiv.de\/blog\/wp-content\/uploads\/2021\/04\/Pressefoto-Christine-Aschenberg-Dugnus_1-768x512.jpg 768w, https:\/\/fdp-aktiv.de\/blog\/wp-content\/uploads\/2021\/04\/Pressefoto-Christine-Aschenberg-Dugnus_1-1536x1024.jpg 1536w, https:\/\/fdp-aktiv.de\/blog\/wp-content\/uploads\/2021\/04\/Pressefoto-Christine-Aschenberg-Dugnus_1-2048x1365.jpg 2048w\" sizes=\"auto, (max-width: 800px) 100vw, 800px\" \/><figcaption id=\"caption-attachment-1123\" class=\"wp-caption-text\">Christine Aschenberg-Dugnus<\/figcaption><\/figure>\n<div class=\"clearfix text-formatted field field--name-body field--type-text-with-summary field--label-hidden field__item\">\n<p>\u201eEs ist eine gro\u00dfe Entt\u00e4uschung, dass beim Impfgipfel keine relevanten Entscheidungen getroffen wurden. So verspielt die Bundesregierung erneut Vertrauen. Insbesondere Bundesgesundheitsminister Spahns unabgestimmter Vorsto\u00df zur Impfung von Kindern hat viel Verwirrung gestiftet. Hier gilt es, zuerst die Empfehlung der St\u00e4ndigen Impfkommission abzuwarten. Jetzt muss die Bundesregierung schnellstm\u00f6glich die gro\u00dfen Fragen angehen: Wir brauchen mehr Tempo bei der Impfkampagne, m\u00fcssen die Auffrischungsimpfungen im Herbst vorbereiten und endlich den digitalen Impfpass an den Start bringen. Bei all diesen Punkten erwarten die Menschen zu Recht, dass sich die Vers\u00e4umnisse der Vergangenheit nicht wiederholen.\u201c<\/p>\n<\/div>\n<p>&nbsp;<\/p>\n<h3>FDP Saar: Ergebnisse des Impfgipfels verheerend<\/h3>\n<p>Der stellvertretende FDP-Landesvorsitzende Dr. Helmut Isringhaus zu den Ergebnissen des Impfgipfels:<\/p>\n<figure id=\"attachment_1471\" aria-describedby=\"caption-attachment-1471\" style=\"width: 768px\" class=\"wp-caption alignnone\"><img loading=\"lazy\" decoding=\"async\" class=\"size-full wp-image-1471\" src=\"https:\/\/fdp-aktiv.de\/blog\/wp-content\/uploads\/2021\/05\/Dr.Isringhaus-768x445-1.jpg\" alt=\"Dr. Helmut Isringhaus\" width=\"768\" height=\"445\" srcset=\"https:\/\/fdp-aktiv.de\/blog\/wp-content\/uploads\/2021\/05\/Dr.Isringhaus-768x445-1.jpg 768w, https:\/\/fdp-aktiv.de\/blog\/wp-content\/uploads\/2021\/05\/Dr.Isringhaus-768x445-1-300x174.jpg 300w\" sizes=\"auto, (max-width: 768px) 100vw, 768px\" \/><figcaption id=\"caption-attachment-1471\" class=\"wp-caption-text\">Dr. Helmut Isringhaus<\/figcaption><\/figure>\n<p>&#8220;Die Ergebnisse des Impfgipfels sind verheerend. Es wurde erneut die Chance verpasst, eine rationale Impfstrategie zu entwickeln. Auch die Frage der Lieferprobleme von Impfstoffen wurde nicht ausreichend thematisiert. Nur so kann die Impfkampagne seri\u00f6s beschleunigt werden ohne sehenden Auges das Chaos zu vergr\u00f6\u00dfern. Eine vorausschauende Planung, auch hinsichtlich der Auffrischungsimpfungen im Herbst und einer schnellen Einf\u00fchrung des digitalen Impfpasses, sind notwendig. Es ist auch unverantwortlich, dass Minister Spahn bei der Frage der Impfung von Kindern unabgestimmt vorprescht, ohne die Empfehlung der Stiko abzuwarten. Durch un\u00fcberlegtes Handeln verspielen die Regierungen leider weiteres Vertrauen in die Impfung&#8221;.<\/p>\n<p>&nbsp;<\/p>\n<h3>Quellen<\/h3>\n<p><a href=\"http:\/\/fdp-saar.de\">fdp-saar.de<\/a>\u00a0 \u00a0&#8211;\u00a0 \u00a028.05.21\u00a0 \u00a0&#8211;\u00a0 \u00a017:46 Uhr<\/p>\n<p><a href=\"http:\/\/fdpbt.de\">fdpbt.de<\/a>\u00a0 \u00a0&#8211;\u00a0 \u00a028.05.21\u00a0 \u00a0&#8211;\u00a0 \u00a012:10 Uhr<\/p>\n<p>&#8212;<\/p>\n<p>&nbsp;<\/p>\n<p>&nbsp;<\/p>\n","protected":false},"excerpt":{"rendered":"<p>ASCHENBERG-DUGNUS: Impfgipfel ist gro\u00dfe Entt\u00e4uschung Zu den Ergebnissen des Impfgipfels erkl\u00e4rt die gesundheitspolitische Sprecherin der FDP-Fraktion Christine Aschenberg-Dugnus: \u201eEs ist eine gro\u00dfe Entt\u00e4uschung, dass beim Impfgipfel keine relevanten Entscheidungen getroffen [&#8230;]<\/p>\n","protected":false},"author":1,"featured_media":0,"comment_status":"open","ping_status":"closed","sticky":false,"template":"","format":"standard","meta":{"footnotes":""},"categories":[4,123],"tags":[820,821,192,822],"class_list":["post-1470","post","type-post","status-publish","format-standard","hentry","category-covid-19","category-gesundheit","tag-enttaeuschung","tag-ergebnisse","tag-impfgipfel","tag-verheerend"],"_links":{"self":[{"href":"https:\/\/fdp-aktiv.de\/blog\/wp-json\/wp\/v2\/posts\/1470","targetHints":{"allow":["GET"]}}],"collection":[{"href":"https:\/\/fdp-aktiv.de\/blog\/wp-json\/wp\/v2\/posts"}],"about":[{"href":"https:\/\/fdp-aktiv.de\/blog\/wp-json\/wp\/v2\/types\/post"}],"author":[{"embeddable":true,"href":"https:\/\/fdp-aktiv.de\/blog\/wp-json\/wp\/v2\/users\/1"}],"replies":[{"embeddable":true,"href":"https:\/\/fdp-aktiv.de\/blog\/wp-json\/wp\/v2\/comments?post=1470"}],"version-history":[{"count":1,"href":"https:\/\/fdp-aktiv.de\/blog\/wp-json\/wp\/v2\/posts\/1470\/revisions"}],"predecessor-version":[{"id":1472,"href":"https:\/\/fdp-aktiv.de\/blog\/wp-json\/wp\/v2\/posts\/1470\/revisions\/1472"}],"wp:attachment":[{"href":"https:\/\/fdp-aktiv.de\/blog\/wp-json\/wp\/v2\/media?parent=1470"}],"wp:term":[{"taxonomy":"category","embeddable":true,"href":"https:\/\/fdp-aktiv.de\/blog\/wp-json\/wp\/v2\/categories?post=1470"},{"taxonomy":"post_tag","embeddable":true,"href":"https:\/\/fdp-aktiv.de\/blog\/wp-json\/wp\/v2\/tags?post=1470"}],"curies":[{"name":"wp","href":"https:\/\/api.w.org\/{rel}","templated":true}]}}