{"id":14712,"date":"2024-03-02T05:47:31","date_gmt":"2024-03-02T04:47:31","guid":{"rendered":"https:\/\/fdp-aktiv.de\/blog\/?p=14712"},"modified":"2024-03-02T05:47:31","modified_gmt":"2024-03-02T04:47:31","slug":"karrais-breitbandfoerderung-des-bundes-auch-in-baden-wuerttemberg-erfolgreich","status":"publish","type":"post","link":"https:\/\/fdp-aktiv.de\/blog\/2024\/03\/02\/karrais-breitbandfoerderung-des-bundes-auch-in-baden-wuerttemberg-erfolgreich\/","title":{"rendered":"Karrais: Breitbandf\u00f6rderung des Bundes auch in Baden-W\u00fcrttemberg erfolgreich"},"content":{"rendered":"<p>Zur Meldung, dass weitere knapp 100 Millionen Euro Landesmittel f\u00fcr den Breitbandausbau der Kommunen zur Verf\u00fcgung stehen, sagt der Sprecher f\u00fcr Digitalisierung der FDP\/DVP-Fraktion, <strong>Daniel Karrais<\/strong>:<\/p>\n<p>\u201eInnenminister Strobl spricht vom Gigabit-Zeitalter und lobt sich f\u00fcr die Milliardenoffensive im Breitbandausbau. Nach Jahren der Kritik scheint die Landesregierung damit endlich anzuerkennen, dass die F\u00f6rderpolitik des Bundes zum Breitbandausbau auch in Baden-W\u00fcrttemberg erfolgreich ist.<\/p>\n<p>Auch wenn der weitere Breitbandausbau erfreulich ist, der Einsatz der Landesregierung ist insgesamt immer noch unzureichend. Anstatt also die Lorbeeren der Bundesregierung zu ernten und F\u00f6rderbescheide zu verteilen, sollte Strobl sich dringend f\u00fcr bessere Rahmenbedingungen einsetzen und die Kommunen bei der Vergabe durch zentrale Antragstellung unterst\u00fctzen, wie es in anderen Bundesl\u00e4ndern \u00fcblich ist.<br \/>\nBei aller Freude \u00fcber F\u00f6rderungen darf der private Ausbau der Netze nicht vergessen werden. Das Land ist in der Pflicht die Rahmenbedingungen f\u00fcr privaten Ausbau so gut wie m\u00f6glich zu schaffen, indem schnellere und g\u00fcnstigere Verlegemethoden forciert werden.\u201c<\/p>\n","protected":false},"excerpt":{"rendered":"<p>Zur Meldung, dass weitere knapp 100 Millionen Euro Landesmittel f\u00fcr den Breitbandausbau der Kommunen zur Verf\u00fcgung stehen, sagt der Sprecher f\u00fcr Digitalisierung der FDP\/DVP-Fraktion, Daniel Karrais: \u201eInnenminister Strobl spricht vom [&#8230;]<\/p>\n","protected":false},"author":1,"featured_media":1593,"comment_status":"open","ping_status":"closed","sticky":false,"template":"","format":"standard","meta":{"footnotes":""},"categories":[68],"tags":[2844,651,650],"class_list":["post-14712","post","type-post","status-publish","format-standard","has-post-thumbnail","hentry","category-digital","tag-breitbandfoerderung","tag-daniel-karrais","tag-fdp-dvp"],"_links":{"self":[{"href":"https:\/\/fdp-aktiv.de\/blog\/wp-json\/wp\/v2\/posts\/14712","targetHints":{"allow":["GET"]}}],"collection":[{"href":"https:\/\/fdp-aktiv.de\/blog\/wp-json\/wp\/v2\/posts"}],"about":[{"href":"https:\/\/fdp-aktiv.de\/blog\/wp-json\/wp\/v2\/types\/post"}],"author":[{"embeddable":true,"href":"https:\/\/fdp-aktiv.de\/blog\/wp-json\/wp\/v2\/users\/1"}],"replies":[{"embeddable":true,"href":"https:\/\/fdp-aktiv.de\/blog\/wp-json\/wp\/v2\/comments?post=14712"}],"version-history":[{"count":1,"href":"https:\/\/fdp-aktiv.de\/blog\/wp-json\/wp\/v2\/posts\/14712\/revisions"}],"predecessor-version":[{"id":14713,"href":"https:\/\/fdp-aktiv.de\/blog\/wp-json\/wp\/v2\/posts\/14712\/revisions\/14713"}],"wp:featuredmedia":[{"embeddable":true,"href":"https:\/\/fdp-aktiv.de\/blog\/wp-json\/wp\/v2\/media\/1593"}],"wp:attachment":[{"href":"https:\/\/fdp-aktiv.de\/blog\/wp-json\/wp\/v2\/media?parent=14712"}],"wp:term":[{"taxonomy":"category","embeddable":true,"href":"https:\/\/fdp-aktiv.de\/blog\/wp-json\/wp\/v2\/categories?post=14712"},{"taxonomy":"post_tag","embeddable":true,"href":"https:\/\/fdp-aktiv.de\/blog\/wp-json\/wp\/v2\/tags?post=14712"}],"curies":[{"name":"wp","href":"https:\/\/api.w.org\/{rel}","templated":true}]}}