{"id":14751,"date":"2024-03-07T16:25:59","date_gmt":"2024-03-07T15:25:59","guid":{"rendered":"https:\/\/fdp-aktiv.de\/blog\/?p=14751"},"modified":"2024-03-07T16:25:59","modified_gmt":"2024-03-07T15:25:59","slug":"bayern-hagen-zu-ladenschlussgesetz-staatsregierung-fehlt-kraft-zu-echter-reform","status":"publish","type":"post","link":"https:\/\/fdp-aktiv.de\/blog\/2024\/03\/07\/bayern-hagen-zu-ladenschlussgesetz-staatsregierung-fehlt-kraft-zu-echter-reform\/","title":{"rendered":"Bayern &#8211; HAGEN zu Ladenschlussgesetz: Staatsregierung fehlt Kraft zu echter Reform"},"content":{"rendered":"<p>Bayerns Staatsregierung m\u00f6chte endlich ein eigenes Ladenschlussgesetz schaffen. Eine Liberalisierung der Laden\u00f6ffnungszeiten schlie\u00dft die zust\u00e4ndige Ministerin Ulrike Scharf (CSU) jedoch aus. Dazu erkl\u00e4rt Bayerns FDP-Landesvorsitzender Martin Hagen:<\/p>\n<p>\u201eEin neues Ladenschlussgesetz ohne eine umfassende Liberalisierung w\u00e4re eine verschenkte Chance. Der schwarz-orangen Koalition fehlt offenbar die Kraft zu einer echten Reform. H\u00e4ndler sollten selbst entscheiden d\u00fcrfen, wann sie ihre L\u00e4den \u00f6ffnen. Die FDP hat in der letzten Legislaturperiode einen entsprechenden <a href=\"https:\/\/www.bayern.landtag.de\/www\/ElanTextAblage_WP18\/Drucksachen\/Basisdrucksachen\/0000001500\/0000001551.pdf\" target=\"_blank\" rel=\"noopener\">Gesetzentwurf<\/a> in den Landtag eingebracht \u2013 den m\u00fcssten CSU und Freie W\u00e4hler nur kopieren und beschlie\u00dfen!\u201c<\/p>\n","protected":false},"excerpt":{"rendered":"<p>Bayerns Staatsregierung m\u00f6chte endlich ein eigenes Ladenschlussgesetz schaffen. Eine Liberalisierung der Laden\u00f6ffnungszeiten schlie\u00dft die zust\u00e4ndige Ministerin Ulrike Scharf (CSU) jedoch aus. Dazu erkl\u00e4rt Bayerns FDP-Landesvorsitzender Martin Hagen: \u201eEin neues Ladenschlussgesetz [&#8230;]<\/p>\n","protected":false},"author":1,"featured_media":2418,"comment_status":"open","ping_status":"closed","sticky":false,"template":"","format":"standard","meta":{"footnotes":""},"categories":[8],"tags":[322,3901,30],"class_list":["post-14751","post","type-post","status-publish","format-standard","has-post-thumbnail","hentry","category-wirtschaft","tag-fdp-bayern","tag-ladenschlussgesetz","tag-martin-hagen"],"_links":{"self":[{"href":"https:\/\/fdp-aktiv.de\/blog\/wp-json\/wp\/v2\/posts\/14751","targetHints":{"allow":["GET"]}}],"collection":[{"href":"https:\/\/fdp-aktiv.de\/blog\/wp-json\/wp\/v2\/posts"}],"about":[{"href":"https:\/\/fdp-aktiv.de\/blog\/wp-json\/wp\/v2\/types\/post"}],"author":[{"embeddable":true,"href":"https:\/\/fdp-aktiv.de\/blog\/wp-json\/wp\/v2\/users\/1"}],"replies":[{"embeddable":true,"href":"https:\/\/fdp-aktiv.de\/blog\/wp-json\/wp\/v2\/comments?post=14751"}],"version-history":[{"count":1,"href":"https:\/\/fdp-aktiv.de\/blog\/wp-json\/wp\/v2\/posts\/14751\/revisions"}],"predecessor-version":[{"id":14753,"href":"https:\/\/fdp-aktiv.de\/blog\/wp-json\/wp\/v2\/posts\/14751\/revisions\/14753"}],"wp:featuredmedia":[{"embeddable":true,"href":"https:\/\/fdp-aktiv.de\/blog\/wp-json\/wp\/v2\/media\/2418"}],"wp:attachment":[{"href":"https:\/\/fdp-aktiv.de\/blog\/wp-json\/wp\/v2\/media?parent=14751"}],"wp:term":[{"taxonomy":"category","embeddable":true,"href":"https:\/\/fdp-aktiv.de\/blog\/wp-json\/wp\/v2\/categories?post=14751"},{"taxonomy":"post_tag","embeddable":true,"href":"https:\/\/fdp-aktiv.de\/blog\/wp-json\/wp\/v2\/tags?post=14751"}],"curies":[{"name":"wp","href":"https:\/\/api.w.org\/{rel}","templated":true}]}}